[{"@context":"https:\/\/schema.org\/","@type":"Article","@id":"https:\/\/www.arbitra.cz\/ze-susicky-rovnou-do-skrine\/#Article","mainEntityOfPage":"https:\/\/www.arbitra.cz\/ze-susicky-rovnou-do-skrine\/","headline":"Ze su\u0161i\u010dky rovnou do sk\u0159\u00edn\u011b","name":"Ze su\u0161i\u010dky rovnou do sk\u0159\u00edn\u011b","description":"Kdo by necht\u011bl takov\u00e9ho pomocn\u00edka. Automatick\u00e9 pra\u010dky jsou ji\u017e dnes samoz\u0159ejmost\u00ed v ka\u017ed\u00e9 dom\u00e1cnosti. Su\u0161i\u010dky pr\u00e1dla se za\u010d\u00ednaj\u00ed tak\u00e9 objevovat, ale p\u0159ece jen je\u0161t\u011b nejsou b\u011b\u017enou v\u00fdbavou. Kdo j\u00ed ale vlastn\u00ed, u\u017e by j\u00ed nedal za \u017e\u00e1dnou cenu. Pr\u00e1dlo ze su\u0161i\u010dky je vo\u0148av\u00e9 a nad\u00fdchan\u00e9, \u010dasto se nemus\u00ed ani \u017eehlit.","datePublished":"2023-05-15","dateModified":"2023-05-15","author":{"@type":"Person","@id":"https:\/\/www.arbitra.cz\/author\/#Person","name":"","url":"https:\/\/www.arbitra.cz\/author\/","identifier":1,"image":{"@type":"ImageObject","@id":"https:\/\/secure.gravatar.com\/avatar\/8eaf08ef5a7e54fc91db02b2058b03bc913caaaa39c046819bbf43d06bd23c2b?s=96&d=mm&r=g","url":"https:\/\/secure.gravatar.com\/avatar\/8eaf08ef5a7e54fc91db02b2058b03bc913caaaa39c046819bbf43d06bd23c2b?s=96&d=mm&r=g","height":96,"width":96}},"publisher":{"@type":"Organization","name":"arbitra.cz","logo":{"@type":"ImageObject","@id":"\/logo.png","url":"\/logo.png","width":600,"height":60}},"url":"https:\/\/www.arbitra.cz\/ze-susicky-rovnou-do-skrine\/","wordCount":476,"articleBody":"Kdo by necht\u011bl takov\u00e9ho pomocn\u00edka. Automatick\u00e9 pra\u010dky jsou ji\u017e dnes samoz\u0159ejmost\u00ed v ka\u017ed\u00e9 dom\u00e1cnosti. Su\u0161i\u010dky pr\u00e1dla se za\u010d\u00ednaj\u00ed tak\u00e9 objevovat, ale p\u0159ece jen je\u0161t\u011b nejsou b\u011b\u017enou v\u00fdbavou. Kdo j\u00ed ale vlastn\u00ed, u\u017e by j\u00ed nedal za \u017e\u00e1dnou cenu. Pr\u00e1dlo ze su\u0161i\u010dky je vo\u0148av\u00e9 a nad\u00fdchan\u00e9, \u010dasto se nemus\u00ed ani \u017eehlit. Jen se slo\u017e\u00ed do sk\u0159\u00edn\u011b a pr\u00e1ce je hotov\u00e1. Kter\u00e1 hospody\u0148ka by netou\u017eila pr\u00e1v\u011b po takov\u00e9m pomocn\u00edkovi?&#13; Pr\u00e1dlo vo\u0148av\u00e9 po slunci a v\u011btru tak\u00e9 nen\u00ed k zahozen\u00ed, ale ruku na srdce. Ktr\u00e1 z v\u00e1s m\u00e1 mo\u017enost su\u0161it pr\u00e1dlo pr\u00e1v\u011b v takov\u00e9m prost\u0159ed\u00ed? Balkony ve m\u011bst\u011b v\u011bt\u0161inou v\u0161e jen zhor\u0161\u00ed. Na pr\u00e1dle se nachyt\u00e1 smog a prach m\u011bsta a tak \u010dasto skl\u00e1d\u00e1me pr\u00e1dlo pln\u00e9 prachu a saz\u00ed. To m\u016f\u017ee u citliv\u00fdch jedinc\u016f vyvol\u00e1vat alergie nebo jin\u00e9 zdravotn\u00ed probl\u00e9my. Proto su\u0161i\u010dka pro dom\u00e1cnost ve m\u011bst\u011b je to prav\u00e9.Druhy su\u0161i\u010deka\/ kondenza\u010dn\u00ed&#13; Shroma\u017e\u010fuj\u00ed vodu v z\u00e1sobn\u00edku a tu je pak t\u0159eba sv\u00e9st do odpadu nebo j\u00ed ru\u010dn\u011b vyl\u00edt. Nevznik\u00e1 \u017e\u00e1dn\u00e1 vlhkost a nen\u00ed pot\u0159ebn\u00e9 \u017e\u00e1dn\u00e9 speci\u00e1ln\u00ed odv\u011btr\u00e1v\u00e1n\u00ed.b\/ ventila\u010dn\u00ed&#13; Zde nen\u00ed t\u0159eba \u0159e\u0161it odpad, je ale nutn\u00e9, aby m\u00edstnost, kde je su\u0161i\u010dka pr\u00e1dla um\u00edst\u011bn\u00e1, byla odv\u011btran\u00e1. V opa\u010dn\u00e9m p\u0159\u00edpad\u011b se zde hromad\u00ed vlhkost a m\u016f\u017ee doj\u00edt k vytvo\u0159en\u00ed pl\u00edsn\u00ed nebo zkroucen\u00ed n\u00e1bytku.1\/ pln\u011bn\u00ed p\u0159edem&#13; Je v\u00fdhodn\u011bj\u0161\u00ed, nebo\u0165 se d\u00e1 postavit na pra\u010dku a tak u\u0161et\u0159it mnoho prostoru. Proto tak\u00e9 v\u011bt\u0161ina v\u00fdrobc\u016f vyr\u00e1b\u00ed tento typ.2\/ pln\u011bn\u00ed horem&#13; M\u00e1lo vyr\u00e1b\u011bn\u00e9, nutno postavit samostatn\u011b.3\/ kombinace pra\u010dky a su\u0161i\u010dky&#13; Typ vhodn\u00fd do mal\u00fdch byt\u016f. Tyto typy ale usu\u0161\u00ed men\u0161\u00ed mno\u017estv\u00ed pr\u00e1dla, ne\u017e dok\u00e1\u017e\u00ed vyprat, a tak se mus\u00ed v\u011bt\u0161inou su\u0161it vypran\u00e1 v\u00e1rka nadvakr\u00e1t.&#13; Revoluc\u00ed mezi su\u0161i\u010dkami je typ, kter\u00fd dok\u00e1\u017ee pr\u00e1dlo nejen usu\u0161it, ale i osv\u011b\u017eit barvy, zbavit pr\u00e1dlo \u010di kost\u00fdm z\u00e1hyb\u016f, vln\u011bn\u00fd kab\u00e1t bude r\u00e1zem jako nov\u00fd a bl\u016fzka z nejjemn\u011bj\u0161\u00edho hedv\u00e1b\u00ed bude op\u011bt z\u00e1\u0159it jako pr\u00e1v\u011b zakoupen\u00e1. Su\u0161i\u010dka m\u00e1 tvar sk\u0159\u00edn\u011b a designem velmi dob\u0159e zapadne mezi b\u011b\u017en\u00fd n\u00e1bytek t\u0159eba v lo\u017enici. Vyu\u017eij\u00ed jej zejm\u00e9na pracovn\u011b velmi vyt\u00ed\u017een\u00ed lid\u00e9, kdy profese na nich vy\u017eaduje, aby jejich oble\u010den\u00ed bylo v\u017edy dle ur\u010dit\u00e9 etikety.                                                                                                                                                                                                                                                                                                                                                                                        4\/5 - (7 votes)        "},{"@context":"https:\/\/schema.org\/","@type":"BreadcrumbList","itemListElement":[{"@type":"ListItem","position":1,"name":"Ze su\u0161i\u010dky rovnou do sk\u0159\u00edn\u011b","item":"https:\/\/www.arbitra.cz\/ze-susicky-rovnou-do-skrine\/#breadcrumbitem"}]}]