[{"@context":"https:\/\/schema.org\/","@type":"Article","@id":"https:\/\/www.arbitra.cz\/v-kuchyni-se-dnes-potkava-cela-rodina-a-spolecne-diskutuje\/#Article","mainEntityOfPage":"https:\/\/www.arbitra.cz\/v-kuchyni-se-dnes-potkava-cela-rodina-a-spolecne-diskutuje\/","headline":"V\u00a0kuchyni se dnes potk\u00e1v\u00e1 cel\u00e1 rodina a spole\u010dn\u011b diskutuje","name":"V\u00a0kuchyni se dnes potk\u00e1v\u00e1 cel\u00e1 rodina a spole\u010dn\u011b diskutuje","description":"U\u017e dlouho sn\u00edte o nov\u00e9 kuchyni? Va\u0161e kuchy\u0148sk\u00e9 linky u\u017e neslou\u017e\u00ed tak jak by m\u011bly, a tak je pr\u00e1v\u011b na \u010dase n\u011bjak\u00e1 zm\u011bna? Rozhodn\u011bte se tedy nejl\u00e9pe, jak m\u016f\u017eete a vyzkou\u0161ejte n\u011bco nov\u00e9ho! Nev\u00e1hejte, ne\u010dekejte a jd\u011bte do toho. M\u00e1te velkou rodinu a tak tr\u00e1v\u00edte v kuchyni opravdu dost \u010dasu","datePublished":"2025-01-05","dateModified":"2025-01-05","author":{"@type":"Person","@id":"https:\/\/www.arbitra.cz\/author\/#Person","name":"","url":"https:\/\/www.arbitra.cz\/author\/","identifier":1,"image":{"@type":"ImageObject","@id":"https:\/\/secure.gravatar.com\/avatar\/8eaf08ef5a7e54fc91db02b2058b03bc913caaaa39c046819bbf43d06bd23c2b?s=96&d=mm&r=g","url":"https:\/\/secure.gravatar.com\/avatar\/8eaf08ef5a7e54fc91db02b2058b03bc913caaaa39c046819bbf43d06bd23c2b?s=96&d=mm&r=g","height":96,"width":96}},"publisher":{"@type":"Organization","name":"arbitra.cz","logo":{"@type":"ImageObject","@id":"\/logo.png","url":"\/logo.png","width":600,"height":60}},"url":"https:\/\/www.arbitra.cz\/v-kuchyni-se-dnes-potkava-cela-rodina-a-spolecne-diskutuje\/","wordCount":180,"articleBody":"U\u017e dlouho sn\u00edte o nov\u00e9 kuchyni? Va\u0161e kuchy\u0148sk\u00e9 linky u\u017e neslou\u017e\u00ed tak jak by m\u011bly, a tak je pr\u00e1v\u011b na \u010dase n\u011bjak\u00e1 zm\u011bna? Rozhodn\u011bte se tedy nejl\u00e9pe, jak m\u016f\u017eete a vyzkou\u0161ejte n\u011bco nov\u00e9ho! Nev\u00e1hejte, ne\u010dekejte a jd\u011bte do toho. M\u00e1te velkou rodinu a tak tr\u00e1v\u00edte v kuchyni opravdu dost \u010dasu a to ka\u017ed\u00fd den? U\u017e V\u00e1m nevyhovuje star\u00e9 rozm\u00edst\u011bn\u00ed pracovn\u00ed plochy a vlastn\u011b nejste spokojeni ani se spot\u0159ebi\u010di? Rozhodn\u011bte se tedy pro zm\u011bnu. Prohl\u00e9dn\u011bte si kuchy\u0148sk\u00e9 linky a n\u011bjak\u00e1 V\u00e1m jist\u011b padne do oka! Nev\u00e1hejte a nebojte se zm\u011bny, kter\u00e1 je nutn\u00e1. Design V dne\u0161n\u00ed dob\u011b m\u00e1me opravdu \u0161irokou nab\u00eddku z produkt\u016f kuchy\u0148sk\u00e9 linky, ze kter\u00fdch si ur\u010dit\u011b vyberete a najdete to prav\u00e9 o\u0159echov\u00e9 pr\u00e1v\u011b pro sebe a svou rodinu. Objevte vyhovuj\u00edc\u00ed materi\u00e1l a zaj\u00edmav\u00e9 kombinace barev, kter\u00e9 budou zdobit Va\u0161i kuchy\u0148.                                                                                                                                                                                                                                                                                                                                                                                        4\/5 - (1 vote)        "},{"@context":"https:\/\/schema.org\/","@type":"BreadcrumbList","itemListElement":[{"@type":"ListItem","position":1,"name":"V\u00a0kuchyni se dnes potk\u00e1v\u00e1 cel\u00e1 rodina a spole\u010dn\u011b diskutuje","item":"https:\/\/www.arbitra.cz\/v-kuchyni-se-dnes-potkava-cela-rodina-a-spolecne-diskutuje\/#breadcrumbitem"}]}]