[{"@context":"https:\/\/schema.org\/","@type":"Article","@id":"https:\/\/www.arbitra.cz\/trhy-jako-za-starych-dob\/#Article","mainEntityOfPage":"https:\/\/www.arbitra.cz\/trhy-jako-za-starych-dob\/","headline":"Trhy jako za star\u00fdch dob","name":"Trhy jako za star\u00fdch dob","description":"N\u00e1kupy jsou ka\u017edodenn\u00ed sou\u010d\u00e1st\u00ed na\u0161eho \u017eivota od nepam\u011bti. Trhy a jarmarky znali u\u017e na\u0161i p\u0159edkov\u00e9 od st\u0159edov\u011bku a pova\u017eovali je za naprosto b\u011b\u017enou z\u00e1le\u017eitost. Kdo v\u00ed, jestli tu\u0161ili, \u017ee tento fenom\u00e9n p\u0159etrv\u00e1 a\u017e do dne\u0161n\u00edch dob. Sta\u010d\u00ed se zaj\u00edt pod\u00edvat na farm\u00e1\u0159sk\u00e9 trhy a r\u00e1zem jste tak trochu v dob\u00e1ch","datePublished":"2016-11-26","dateModified":"2023-05-15","author":{"@type":"Person","@id":"https:\/\/www.arbitra.cz\/author\/#Person","name":"","url":"https:\/\/www.arbitra.cz\/author\/","identifier":1,"image":{"@type":"ImageObject","@id":"https:\/\/secure.gravatar.com\/avatar\/8eaf08ef5a7e54fc91db02b2058b03bc913caaaa39c046819bbf43d06bd23c2b?s=96&d=mm&r=g","url":"https:\/\/secure.gravatar.com\/avatar\/8eaf08ef5a7e54fc91db02b2058b03bc913caaaa39c046819bbf43d06bd23c2b?s=96&d=mm&r=g","height":96,"width":96}},"publisher":{"@type":"Organization","name":"arbitra.cz","logo":{"@type":"ImageObject","@id":"\/logo.png","url":"\/logo.png","width":600,"height":60}},"image":{"@type":"ImageObject","@id":"https:\/\/www.arbitra.cz\/wp-content\/uploads\/img_a279353_w3354_t1602754582.jpg","url":"https:\/\/www.arbitra.cz\/wp-content\/uploads\/img_a279353_w3354_t1602754582.jpg","height":0,"width":0},"url":"https:\/\/www.arbitra.cz\/trhy-jako-za-starych-dob\/","wordCount":442,"articleBody":"N\u00e1kupy jsou ka\u017edodenn\u00ed sou\u010d\u00e1st\u00ed na\u0161eho \u017eivota od nepam\u011bti. Trhy a jarmarky znali u\u017e na\u0161i p\u0159edkov\u00e9 od st\u0159edov\u011bku a pova\u017eovali je za naprosto b\u011b\u017enou z\u00e1le\u017eitost. Kdo v\u00ed, jestli tu\u0161ili, \u017ee tento fenom\u00e9n p\u0159etrv\u00e1 a\u017e do dne\u0161n\u00edch dob. Sta\u010d\u00ed se zaj\u00edt pod\u00edvat na farm\u00e1\u0159sk\u00e9 trhy a r\u00e1zem jste tak trochu v dob\u00e1ch minul\u00fdch. Mysl\u00edm, \u017ee tady by se n\u011bjak\u00e1 ta hospody\u0148ka ze \u0161estn\u00e1ct\u00e9ho stolet\u00ed docela dob\u0159e vyznala.Mohla by si koupit \u00b7 ru\u010dn\u011b vyr\u00e1b\u011bn\u00e9 ko\u0161\u00edky \u00b7 keramiku \u00b7 med \u00b7 ryby \u00b7 pe\u010divo \u00b7 zeleninu \u00b7 dal\u0161\u00ed druhy zbo\u017e\u00ed. A asi by se divila jen jedn\u00e9 v\u011bci. Pro\u010d se ve v\u0161edn\u00ed den prod\u00e1vaj\u00ed kol\u00e1\u010de, kdy\u017e to v jej\u00edch \u010dasech byla z\u00e1le\u017eitost pouze ned\u011bln\u00ed. Ale i to bychom j\u00ed jist\u011b vysv\u011btlili.Hor\u0161\u00ed by bylo, kdyby n\u011bjak\u00fdm nedopat\u0159en\u00edmzabloudila na trhy v\u00e1no\u010dn\u00ed.  V\u00e1noce jako z poh\u00e1dky Pokud by na\u0161e hospody\u0148ka necht\u011bla z\u016fstat v \u010cech\u00e1ch a r\u00e1da by se pokochala t\u00edm, co prod\u00e1vaj\u00ed na\u0161i soused\u00e9, sta\u010dilo by zajet do V\u00eddn\u011b. \u00d8v\u0161ude kolem z\u00e1\u0159\u00ed ov\u011bn\u010den\u00e9 strome\u010dky \u00d8sv\u00edt\u00ed l\u00e1skypln\u00e1 sv\u011bt\u00fdlka \u00d8von\u00ed grilovan\u00e9 klob\u00e1sy \u00d8kou\u0159\u00ed se z ovocn\u00e9ho pun\u010de \u00d8hraj\u00ed v\u00e1no\u010dn\u00ed melodie\u010clov\u011bk je jako v jin\u00e9m sv\u011bt\u011b a ani nevn\u00edm\u00e1 mraziv\u00fd v\u00edtr, kter\u00fd tu ka\u017edoro\u010dn\u011b vl\u00e1dne.Rok od roku je lesku v\u00edce a v\u00edce a V\u00edde\u0148 vym\u00fd\u0161l\u00ed, co by mohla, zejm\u00e9na mal\u00fdm n\u00e1v\u0161t\u011bvn\u00edk\u016fm nab\u00eddnout nov\u00e9ho.  &#8211; pe\u010den\u00ed v\u00e1no\u010dn\u00edch druh\u016f cukrov\u00ed &#8211; zdoben\u00ed medov\u00fdch pern\u00ed\u010dk\u016f &#8211; bruslen\u00ed po cesti\u010dk\u00e1ch v parku &#8211; j\u00edzda v\u00e1no\u010dn\u00edm vl\u00e1\u010dkem &#8211; zkou\u0161en\u00ed r\u016fzn\u00fdch star\u00fdch \u0159emeselTo u\u017e tu v\u0161echno bylo roky minul\u00e9. Letos by to cht\u011blo inovaci.P\u0159eci jen jeden n\u00e1pad by se na\u0161el. Umo\u017en\u00edme d\u011btem, aby mohly Je\u017e\u00ed\u0161kovi poslat v\u00e1no\u010dn\u00ed p\u0159\u00e1n\u00ed. Jen nev\u00edm, jestli to p\u0159es ten v\u00e1no\u010dn\u00ed hluk usly\u0161\u00ed a p\u0159es v\u0161echny blikaj\u00edc\u00ed hv\u011bzdi\u010dky, srd\u00ed\u010dka a sv\u00edt\u00edc\u00ed soby uvid\u00ed. Ale jinak je to ur\u010dit\u011b velk\u00fd z\u00e1\u017eitek. Mo\u017en\u00e1 by se dalo \u0159\u00edci \u2013 kdo nebyl na v\u00e1no\u010dn\u00edch trz\u00edch, o mnoho p\u0159i\u0161el. Proto\u017ee si to opravdu neum\u00ed ani p\u0159edstavit.                                                                                                                                                                                                                                                                                                                                                                                        4.1\/5 - (7 votes)        "},{"@context":"https:\/\/schema.org\/","@type":"BreadcrumbList","itemListElement":[{"@type":"ListItem","position":1,"name":"Trhy jako za star\u00fdch dob","item":"https:\/\/www.arbitra.cz\/trhy-jako-za-starych-dob\/#breadcrumbitem"}]}]