{"@context":"https:\/\/schema.org\/","@type":"CollectionPage","@id":"https:\/\/www.arbitra.cz\/podnikani\/#CollectionPage","headline":"Podnik\u00e1n\u00ed Category","description":"","url":"https:\/\/www.arbitra.cz\/podnikani\/","hasPart":[{"@type":"Article","@id":"https:\/\/www.arbitra.cz\/s-cim-nam-muze-pomoci-bylina-ktera-je-znama-pod-nazvem-ostropestrec-mariansky\/","headline":"S \u010d\u00edm n\u00e1m m\u016f\u017ee pomoci bylina, kter\u00e1 je zn\u00e1m\u00e1 pod n\u00e1zvem Ostropest\u0159ec Mari\u00e1nsk\u00fd?","url":"https:\/\/www.arbitra.cz\/s-cim-nam-muze-pomoci-bylina-ktera-je-znama-pod-nazvem-ostropestrec-mariansky\/","datePublished":"2024-07-13","dateModified":"2024-07-13","mainEntityOfPage":"https:\/\/www.arbitra.cz\/s-cim-nam-muze-pomoci-bylina-ktera-je-znama-pod-nazvem-ostropestrec-mariansky\/","author":{"@type":"Person","@id":"https:\/\/www.arbitra.cz\/author\/#Person","name":"","url":"https:\/\/www.arbitra.cz\/author\/","identifier":1,"image":{"@type":"ImageObject","@id":"https:\/\/secure.gravatar.com\/avatar\/8eaf08ef5a7e54fc91db02b2058b03bc913caaaa39c046819bbf43d06bd23c2b?s=96&d=mm&r=g","url":"https:\/\/secure.gravatar.com\/avatar\/8eaf08ef5a7e54fc91db02b2058b03bc913caaaa39c046819bbf43d06bd23c2b?s=96&d=mm&r=g","height":96,"width":96}},"publisher":{"@type":"Organization","name":"arbitra.cz","logo":{"@type":"ImageObject","@id":"\/logo.png","url":"\/logo.png","width":600,"height":60}},"image":{"@type":"ImageObject","@id":"https:\/\/www.arbitra.cz\/wp-content\/uploads\/moth-7387787_640%20(1).jpg","url":"https:\/\/www.arbitra.cz\/wp-content\/uploads\/moth-7387787_640%20(1).jpg","height":0,"width":0},"keywords":null},{"@type":"Article","@id":"https:\/\/www.arbitra.cz\/k-cemu-je-vlastne-dobra-ta-maca\/","headline":"K \u010demu je vlastn\u011b dobr\u00e1 ta Maca","url":"https:\/\/www.arbitra.cz\/k-cemu-je-vlastne-dobra-ta-maca\/","datePublished":"2024-02-19","dateModified":"2024-03-20","mainEntityOfPage":"https:\/\/www.arbitra.cz\/k-cemu-je-vlastne-dobra-ta-maca\/","author":{"@type":"Person","@id":"https:\/\/www.arbitra.cz\/author\/#Person","name":"","url":"https:\/\/www.arbitra.cz\/author\/","identifier":1,"image":{"@type":"ImageObject","@id":"https:\/\/secure.gravatar.com\/avatar\/8eaf08ef5a7e54fc91db02b2058b03bc913caaaa39c046819bbf43d06bd23c2b?s=96&d=mm&r=g","url":"https:\/\/secure.gravatar.com\/avatar\/8eaf08ef5a7e54fc91db02b2058b03bc913caaaa39c046819bbf43d06bd23c2b?s=96&d=mm&r=g","height":96,"width":96}},"publisher":{"@type":"Organization","name":"arbitra.cz","logo":{"@type":"ImageObject","@id":"\/logo.png","url":"\/logo.png","width":600,"height":60}},"image":{"@type":"ImageObject","@id":"https:\/\/www.arbitra.cz\/wp-content\/uploads\/leaves-2908195_640_1.jpg","url":"https:\/\/www.arbitra.cz\/wp-content\/uploads\/leaves-2908195_640_1.jpg","height":0,"width":0},"keywords":null},{"@type":"Article","@id":"https:\/\/www.arbitra.cz\/jak-zabranit-predcasnemu-vyvrcholeni\/","headline":"Jak zabr\u00e1nit p\u0159ed\u010dasn\u00e9mu vyvrcholen\u00ed?","url":"https:\/\/www.arbitra.cz\/jak-zabranit-predcasnemu-vyvrcholeni\/","datePublished":"2023-09-06","dateModified":"2024-05-28","mainEntityOfPage":"https:\/\/www.arbitra.cz\/jak-zabranit-predcasnemu-vyvrcholeni\/","author":{"@type":"Person","@id":"https:\/\/www.arbitra.cz\/author\/#Person","name":"","url":"https:\/\/www.arbitra.cz\/author\/","identifier":1,"image":{"@type":"ImageObject","@id":"https:\/\/secure.gravatar.com\/avatar\/8eaf08ef5a7e54fc91db02b2058b03bc913caaaa39c046819bbf43d06bd23c2b?s=96&d=mm&r=g","url":"https:\/\/secure.gravatar.com\/avatar\/8eaf08ef5a7e54fc91db02b2058b03bc913caaaa39c046819bbf43d06bd23c2b?s=96&d=mm&r=g","height":96,"width":96}},"publisher":{"@type":"Organization","name":"arbitra.cz","logo":{"@type":"ImageObject","@id":"\/logo.png","url":"\/logo.png","width":600,"height":60}},"image":{"@type":"ImageObject","@id":"https:\/\/www.arbitra.cz\/wp-content\/uploads\/womanizer-toys-1e3-lYkJsfs-unsplash_7.jpg","url":"https:\/\/www.arbitra.cz\/wp-content\/uploads\/womanizer-toys-1e3-lYkJsfs-unsplash_7.jpg","height":0,"width":0},"keywords":null},{"@type":"Article","@id":"https:\/\/www.arbitra.cz\/nedostatek-financnich-prostredku-vas-trapit-nemusi\/","headline":"Nedostatek finan\u010dn\u00edch prost\u0159edk\u016f v\u00e1s tr\u00e1pit nemus\u00ed","url":"https:\/\/www.arbitra.cz\/nedostatek-financnich-prostredku-vas-trapit-nemusi\/","datePublished":"2023-05-15","dateModified":"2023-05-15","mainEntityOfPage":"https:\/\/www.arbitra.cz\/nedostatek-financnich-prostredku-vas-trapit-nemusi\/","author":{"@type":"Person","@id":"https:\/\/www.arbitra.cz\/author\/#Person","name":"","url":"https:\/\/www.arbitra.cz\/author\/","identifier":1,"image":{"@type":"ImageObject","@id":"https:\/\/secure.gravatar.com\/avatar\/8eaf08ef5a7e54fc91db02b2058b03bc913caaaa39c046819bbf43d06bd23c2b?s=96&d=mm&r=g","url":"https:\/\/secure.gravatar.com\/avatar\/8eaf08ef5a7e54fc91db02b2058b03bc913caaaa39c046819bbf43d06bd23c2b?s=96&d=mm&r=g","height":96,"width":96}},"publisher":{"@type":"Organization","name":"arbitra.cz","logo":{"@type":"ImageObject","@id":"\/logo.png","url":"\/logo.png","width":600,"height":60}},"image":null,"keywords":null},{"@type":"Article","@id":"https:\/\/www.arbitra.cz\/potrebujete-kvalitni-zajisteni-zemnich-praci\/","headline":"Pot\u0159ebujete kvalitn\u00ed zaji\u0161t\u011bn\u00ed zemn\u00edch prac\u00ed?","url":"https:\/\/www.arbitra.cz\/potrebujete-kvalitni-zajisteni-zemnich-praci\/","datePublished":"2023-05-15","dateModified":"2023-05-15","mainEntityOfPage":"https:\/\/www.arbitra.cz\/potrebujete-kvalitni-zajisteni-zemnich-praci\/","author":{"@type":"Person","@id":"https:\/\/www.arbitra.cz\/author\/#Person","name":"","url":"https:\/\/www.arbitra.cz\/author\/","identifier":1,"image":{"@type":"ImageObject","@id":"https:\/\/secure.gravatar.com\/avatar\/8eaf08ef5a7e54fc91db02b2058b03bc913caaaa39c046819bbf43d06bd23c2b?s=96&d=mm&r=g","url":"https:\/\/secure.gravatar.com\/avatar\/8eaf08ef5a7e54fc91db02b2058b03bc913caaaa39c046819bbf43d06bd23c2b?s=96&d=mm&r=g","height":96,"width":96}},"publisher":{"@type":"Organization","name":"arbitra.cz","logo":{"@type":"ImageObject","@id":"\/logo.png","url":"\/logo.png","width":600,"height":60}},"image":null,"keywords":null},{"@type":"Article","@id":"https:\/\/www.arbitra.cz\/pevne-kontejnery\/","headline":"Pevn\u00e9 kontejnery","url":"https:\/\/www.arbitra.cz\/pevne-kontejnery\/","datePublished":"2023-02-24","dateModified":"2023-07-21","mainEntityOfPage":"https:\/\/www.arbitra.cz\/pevne-kontejnery\/","author":{"@type":"Person","@id":"https:\/\/www.arbitra.cz\/author\/#Person","name":"","url":"https:\/\/www.arbitra.cz\/author\/","identifier":1,"image":{"@type":"ImageObject","@id":"https:\/\/secure.gravatar.com\/avatar\/8eaf08ef5a7e54fc91db02b2058b03bc913caaaa39c046819bbf43d06bd23c2b?s=96&d=mm&r=g","url":"https:\/\/secure.gravatar.com\/avatar\/8eaf08ef5a7e54fc91db02b2058b03bc913caaaa39c046819bbf43d06bd23c2b?s=96&d=mm&r=g","height":96,"width":96}},"publisher":{"@type":"Organization","name":"arbitra.cz","logo":{"@type":"ImageObject","@id":"\/logo.png","url":"\/logo.png","width":600,"height":60}},"image":{"@type":"ImageObject","@id":"https:\/\/www.arbitra.cz\/wp-content\/uploads\/ship-6794508_960_720_2.jpg","url":"https:\/\/www.arbitra.cz\/wp-content\/uploads\/ship-6794508_960_720_2.jpg","height":0,"width":0},"keywords":null},{"@type":"Article","@id":"https:\/\/www.arbitra.cz\/i-dospeli-si-mohou-hrat\/","headline":"I dosp\u011bl\u00ed si mohou hr\u00e1t","url":"https:\/\/www.arbitra.cz\/i-dospeli-si-mohou-hrat\/","datePublished":"2023-02-23","dateModified":"2023-06-14","mainEntityOfPage":"https:\/\/www.arbitra.cz\/i-dospeli-si-mohou-hrat\/","author":{"@type":"Person","@id":"https:\/\/www.arbitra.cz\/author\/#Person","name":"","url":"https:\/\/www.arbitra.cz\/author\/","identifier":1,"image":{"@type":"ImageObject","@id":"https:\/\/secure.gravatar.com\/avatar\/8eaf08ef5a7e54fc91db02b2058b03bc913caaaa39c046819bbf43d06bd23c2b?s=96&d=mm&r=g","url":"https:\/\/secure.gravatar.com\/avatar\/8eaf08ef5a7e54fc91db02b2058b03bc913caaaa39c046819bbf43d06bd23c2b?s=96&d=mm&r=g","height":96,"width":96}},"publisher":{"@type":"Organization","name":"arbitra.cz","logo":{"@type":"ImageObject","@id":"\/logo.png","url":"\/logo.png","width":600,"height":60}},"image":{"@type":"ImageObject","@id":"https:\/\/www.arbitra.cz\/wp-content\/uploads\/pencils-gb8ca0f57b_640.jpg","url":"https:\/\/www.arbitra.cz\/wp-content\/uploads\/pencils-gb8ca0f57b_640.jpg","height":0,"width":0},"keywords":null},{"@type":"Article","@id":"https:\/\/www.arbitra.cz\/vesnicky-kovar\/","headline":"Vesnick\u00fd kov\u00e1\u0159","url":"https:\/\/www.arbitra.cz\/vesnicky-kovar\/","datePublished":"2022-09-18","dateModified":"2023-05-15","mainEntityOfPage":"https:\/\/www.arbitra.cz\/vesnicky-kovar\/","author":{"@type":"Person","@id":"https:\/\/www.arbitra.cz\/author\/#Person","name":"","url":"https:\/\/www.arbitra.cz\/author\/","identifier":1,"image":{"@type":"ImageObject","@id":"https:\/\/secure.gravatar.com\/avatar\/8eaf08ef5a7e54fc91db02b2058b03bc913caaaa39c046819bbf43d06bd23c2b?s=96&d=mm&r=g","url":"https:\/\/secure.gravatar.com\/avatar\/8eaf08ef5a7e54fc91db02b2058b03bc913caaaa39c046819bbf43d06bd23c2b?s=96&d=mm&r=g","height":96,"width":96}},"publisher":{"@type":"Organization","name":"arbitra.cz","logo":{"@type":"ImageObject","@id":"\/logo.png","url":"\/logo.png","width":600,"height":60}},"image":{"@type":"ImageObject","@id":"https:\/\/www.arbitra.cz\/wp-content\/uploads\/forge-g552fb6b4c_640.jpg","url":"https:\/\/www.arbitra.cz\/wp-content\/uploads\/forge-g552fb6b4c_640.jpg","height":0,"width":0},"keywords":null},{"@type":"Article","@id":"https:\/\/www.arbitra.cz\/skakanim-je-mozne-zhubnout-i-kdyz-to-hned-nebude\/","headline":"Sk\u00e1k\u00e1n\u00edm je mo\u017en\u00e9 zhubnout, i kdy\u017e to hned nebude","url":"https:\/\/www.arbitra.cz\/skakanim-je-mozne-zhubnout-i-kdyz-to-hned-nebude\/","datePublished":"2021-02-17","dateModified":"2023-05-15","mainEntityOfPage":"https:\/\/www.arbitra.cz\/skakanim-je-mozne-zhubnout-i-kdyz-to-hned-nebude\/","author":{"@type":"Person","@id":"https:\/\/www.arbitra.cz\/author\/#Person","name":"","url":"https:\/\/www.arbitra.cz\/author\/","identifier":1,"image":{"@type":"ImageObject","@id":"https:\/\/secure.gravatar.com\/avatar\/8eaf08ef5a7e54fc91db02b2058b03bc913caaaa39c046819bbf43d06bd23c2b?s=96&d=mm&r=g","url":"https:\/\/secure.gravatar.com\/avatar\/8eaf08ef5a7e54fc91db02b2058b03bc913caaaa39c046819bbf43d06bd23c2b?s=96&d=mm&r=g","height":96,"width":96}},"publisher":{"@type":"Organization","name":"arbitra.cz","logo":{"@type":"ImageObject","@id":"\/logo.png","url":"\/logo.png","width":600,"height":60}},"image":{"@type":"ImageObject","@id":"https:\/\/www.arbitra.cz\/wp-content\/uploads\/Dosp%C4%9Bl%C3%AD%20na%20trampol%C3%ADn%C4%9B_1.jpg","url":"https:\/\/www.arbitra.cz\/wp-content\/uploads\/Dosp%C4%9Bl%C3%AD%20na%20trampol%C3%ADn%C4%9B_1.jpg","height":0,"width":0},"keywords":null},{"@type":"Article","@id":"https:\/\/www.arbitra.cz\/reklamni-mikiny-tak-trochu-jinak\/","headline":"Reklamn\u00ed mikiny tak trochu jinak","url":"https:\/\/www.arbitra.cz\/reklamni-mikiny-tak-trochu-jinak\/","datePublished":"2021-01-02","dateModified":"2023-05-15","mainEntityOfPage":"https:\/\/www.arbitra.cz\/reklamni-mikiny-tak-trochu-jinak\/","author":{"@type":"Person","@id":"https:\/\/www.arbitra.cz\/author\/#Person","name":"","url":"https:\/\/www.arbitra.cz\/author\/","identifier":1,"image":{"@type":"ImageObject","@id":"https:\/\/secure.gravatar.com\/avatar\/8eaf08ef5a7e54fc91db02b2058b03bc913caaaa39c046819bbf43d06bd23c2b?s=96&d=mm&r=g","url":"https:\/\/secure.gravatar.com\/avatar\/8eaf08ef5a7e54fc91db02b2058b03bc913caaaa39c046819bbf43d06bd23c2b?s=96&d=mm&r=g","height":96,"width":96}},"publisher":{"@type":"Organization","name":"arbitra.cz","logo":{"@type":"ImageObject","@id":"\/logo.png","url":"\/logo.png","width":600,"height":60}},"image":{"@type":"ImageObject","@id":"https:\/\/www.arbitra.cz\/wp-content\/uploads\/d%C3%ADvka%20v%20mikin%C4%9B.JPG","url":"https:\/\/www.arbitra.cz\/wp-content\/uploads\/d%C3%ADvka%20v%20mikin%C4%9B.JPG","height":0,"width":0},"keywords":null}]}