[{"@context":"https:\/\/schema.org\/","@type":"Blog","@id":"https:\/\/www.arbitra.cz#Blog","headline":"Arbitra","description":"\nPot\u0159ebujete naprosto spolehliv\u00e9 \u00fadaje, ale nev\u00edte, kde je vz\u00edt, a tak\u00e9 je zapom\u00edn\u00e1te? Pak si zapamatujte, \u017ee je najdete kdykoliv na na\u0161em webu.","url":"https:\/\/www.arbitra.cz","hasPart":[{"@type":"Article","@id":"https:\/\/www.arbitra.cz\/muze-mi-internet-pomoct-s-ucenim\/","headline":"M\u016f\u017ee mi internet pomoct s u\u010den\u00edm?","url":"https:\/\/www.arbitra.cz\/muze-mi-internet-pomoct-s-ucenim\/","datePublished":"2023-05-15","dateModified":"2023-05-15","mainEntityOfPage":"https:\/\/www.arbitra.cz\/muze-mi-internet-pomoct-s-ucenim\/","author":{"@type":"Person","@id":"https:\/\/www.arbitra.cz\/author\/#Person","name":"","url":"https:\/\/www.arbitra.cz\/author\/","identifier":1,"image":{"@type":"ImageObject","@id":"https:\/\/secure.gravatar.com\/avatar\/8eaf08ef5a7e54fc91db02b2058b03bc913caaaa39c046819bbf43d06bd23c2b?s=96&d=mm&r=g","url":"https:\/\/secure.gravatar.com\/avatar\/8eaf08ef5a7e54fc91db02b2058b03bc913caaaa39c046819bbf43d06bd23c2b?s=96&d=mm&r=g","height":96,"width":96}},"publisher":{"@type":"Organization","name":"arbitra.cz","logo":{"@type":"ImageObject","@id":"\/logo.png","url":"\/logo.png","width":600,"height":60}},"image":{"@type":"ImageObject","@id":"https:\/\/www.arbitra.cz\/wp-content\/uploads\/img_a312216_w1988_t1523261121.jpg","url":"https:\/\/www.arbitra.cz\/wp-content\/uploads\/img_a312216_w1988_t1523261121.jpg","height":0,"width":0},"wordCount":488,"keywords":null},{"@type":"Article","@id":"https:\/\/www.arbitra.cz\/100-gb-dat-v-cloudovem-ulozisti-za-dva-dolary-mesicne\/","headline":"100 GB dat v cloudov\u00e9m \u00falo\u017ei\u0161ti za dva dolary m\u011bs\u00ed\u010dn\u011b","url":"https:\/\/www.arbitra.cz\/100-gb-dat-v-cloudovem-ulozisti-za-dva-dolary-mesicne\/","datePublished":"2023-05-15","dateModified":"2023-05-15","mainEntityOfPage":"https:\/\/www.arbitra.cz\/100-gb-dat-v-cloudovem-ulozisti-za-dva-dolary-mesicne\/","author":{"@type":"Person","@id":"https:\/\/www.arbitra.cz\/author\/#Person","name":"","url":"https:\/\/www.arbitra.cz\/author\/","identifier":1,"image":{"@type":"ImageObject","@id":"https:\/\/secure.gravatar.com\/avatar\/8eaf08ef5a7e54fc91db02b2058b03bc913caaaa39c046819bbf43d06bd23c2b?s=96&d=mm&r=g","url":"https:\/\/secure.gravatar.com\/avatar\/8eaf08ef5a7e54fc91db02b2058b03bc913caaaa39c046819bbf43d06bd23c2b?s=96&d=mm&r=g","height":96,"width":96}},"publisher":{"@type":"Organization","name":"arbitra.cz","logo":{"@type":"ImageObject","@id":"\/logo.png","url":"\/logo.png","width":600,"height":60}},"image":{"@type":"ImageObject","@id":"https:\/\/www.arbitra.cz\/wp-content\/uploads\/img_a311038_w2058_t1521985983.jpg","url":"https:\/\/www.arbitra.cz\/wp-content\/uploads\/img_a311038_w2058_t1521985983.jpg","height":0,"width":0},"wordCount":500,"keywords":null},{"@type":"Article","@id":"https:\/\/www.arbitra.cz\/reklamni-letaky-jako-hobby\/","headline":"Reklamn\u00ed let\u00e1ky jako hobby","url":"https:\/\/www.arbitra.cz\/reklamni-letaky-jako-hobby\/","datePublished":"2023-05-15","dateModified":"2023-05-15","mainEntityOfPage":"https:\/\/www.arbitra.cz\/reklamni-letaky-jako-hobby\/","author":{"@type":"Person","@id":"https:\/\/www.arbitra.cz\/author\/#Person","name":"","url":"https:\/\/www.arbitra.cz\/author\/","identifier":1,"image":{"@type":"ImageObject","@id":"https:\/\/secure.gravatar.com\/avatar\/8eaf08ef5a7e54fc91db02b2058b03bc913caaaa39c046819bbf43d06bd23c2b?s=96&d=mm&r=g","url":"https:\/\/secure.gravatar.com\/avatar\/8eaf08ef5a7e54fc91db02b2058b03bc913caaaa39c046819bbf43d06bd23c2b?s=96&d=mm&r=g","height":96,"width":96}},"publisher":{"@type":"Organization","name":"arbitra.cz","logo":{"@type":"ImageObject","@id":"\/logo.png","url":"\/logo.png","width":600,"height":60}},"image":{"@type":"ImageObject","@id":"https:\/\/www.arbitra.cz\/wp-content\/uploads\/img_a310744_w2218_t1521665801.png","url":"https:\/\/www.arbitra.cz\/wp-content\/uploads\/img_a310744_w2218_t1521665801.png","height":0,"width":0},"wordCount":538,"keywords":null},{"@type":"Article","@id":"https:\/\/www.arbitra.cz\/turismus-v-cechach-nadale-kvete\/","headline":"Turismus v \u010cech\u00e1ch nad\u00e1le kvete","url":"https:\/\/www.arbitra.cz\/turismus-v-cechach-nadale-kvete\/","datePublished":"2023-05-15","dateModified":"2023-05-15","mainEntityOfPage":"https:\/\/www.arbitra.cz\/turismus-v-cechach-nadale-kvete\/","author":{"@type":"Person","@id":"https:\/\/www.arbitra.cz\/author\/#Person","name":"","url":"https:\/\/www.arbitra.cz\/author\/","identifier":1,"image":{"@type":"ImageObject","@id":"https:\/\/secure.gravatar.com\/avatar\/8eaf08ef5a7e54fc91db02b2058b03bc913caaaa39c046819bbf43d06bd23c2b?s=96&d=mm&r=g","url":"https:\/\/secure.gravatar.com\/avatar\/8eaf08ef5a7e54fc91db02b2058b03bc913caaaa39c046819bbf43d06bd23c2b?s=96&d=mm&r=g","height":96,"width":96}},"publisher":{"@type":"Organization","name":"arbitra.cz","logo":{"@type":"ImageObject","@id":"\/logo.png","url":"\/logo.png","width":600,"height":60}},"image":{"@type":"ImageObject","@id":"https:\/\/www.arbitra.cz\/wp-content\/uploads\/img_a309416_w1975_t1520330371.jpg","url":"https:\/\/www.arbitra.cz\/wp-content\/uploads\/img_a309416_w1975_t1520330371.jpg","height":0,"width":0},"wordCount":556,"keywords":null},{"@type":"Article","@id":"https:\/\/www.arbitra.cz\/salvej-vyuziva-moderni-medicina-i-lidove-lecitelstvi-v-sirokem-zaberu\/","headline":"\u0160alv\u011bj vyu\u017e\u00edv\u00e1 modern\u00ed medic\u00edna i lidov\u00e9 l\u00e9\u010ditelstv\u00ed v \u0161irok\u00e9m z\u00e1b\u011bru","url":"https:\/\/www.arbitra.cz\/salvej-vyuziva-moderni-medicina-i-lidove-lecitelstvi-v-sirokem-zaberu\/","datePublished":"2023-05-15","dateModified":"2023-05-15","mainEntityOfPage":"https:\/\/www.arbitra.cz\/salvej-vyuziva-moderni-medicina-i-lidove-lecitelstvi-v-sirokem-zaberu\/","author":{"@type":"Person","@id":"https:\/\/www.arbitra.cz\/author\/#Person","name":"","url":"https:\/\/www.arbitra.cz\/author\/","identifier":1,"image":{"@type":"ImageObject","@id":"https:\/\/secure.gravatar.com\/avatar\/8eaf08ef5a7e54fc91db02b2058b03bc913caaaa39c046819bbf43d06bd23c2b?s=96&d=mm&r=g","url":"https:\/\/secure.gravatar.com\/avatar\/8eaf08ef5a7e54fc91db02b2058b03bc913caaaa39c046819bbf43d06bd23c2b?s=96&d=mm&r=g","height":96,"width":96}},"publisher":{"@type":"Organization","name":"arbitra.cz","logo":{"@type":"ImageObject","@id":"\/logo.png","url":"\/logo.png","width":600,"height":60}},"image":{"@type":"ImageObject","@id":"https:\/\/www.arbitra.cz\/wp-content\/uploads\/img_a307640_w2286_t1518900683.jpg","url":"https:\/\/www.arbitra.cz\/wp-content\/uploads\/img_a307640_w2286_t1518900683.jpg","height":0,"width":0},"wordCount":490,"keywords":null},{"@type":"Article","@id":"https:\/\/www.arbitra.cz\/mejte-sva-data-v-bezpeci\/","headline":"M\u011bjte sv\u00e1 data v bezpe\u010d\u00ed","url":"https:\/\/www.arbitra.cz\/mejte-sva-data-v-bezpeci\/","datePublished":"2023-05-15","dateModified":"2023-05-15","mainEntityOfPage":"https:\/\/www.arbitra.cz\/mejte-sva-data-v-bezpeci\/","author":{"@type":"Person","@id":"https:\/\/www.arbitra.cz\/author\/#Person","name":"","url":"https:\/\/www.arbitra.cz\/author\/","identifier":1,"image":{"@type":"ImageObject","@id":"https:\/\/secure.gravatar.com\/avatar\/8eaf08ef5a7e54fc91db02b2058b03bc913caaaa39c046819bbf43d06bd23c2b?s=96&d=mm&r=g","url":"https:\/\/secure.gravatar.com\/avatar\/8eaf08ef5a7e54fc91db02b2058b03bc913caaaa39c046819bbf43d06bd23c2b?s=96&d=mm&r=g","height":96,"width":96}},"publisher":{"@type":"Organization","name":"arbitra.cz","logo":{"@type":"ImageObject","@id":"\/logo.png","url":"\/logo.png","width":600,"height":60}},"image":{"@type":"ImageObject","@id":"https:\/\/www.arbitra.cz\/wp-content\/uploads\/img_a327479_w1918_t1539802537.jpg","url":"https:\/\/www.arbitra.cz\/wp-content\/uploads\/img_a327479_w1918_t1539802537.jpg","height":0,"width":0},"wordCount":477,"keywords":null},{"@type":"Article","@id":"https:\/\/www.arbitra.cz\/nejen-krasou-zapsane-do-historie\/","headline":"Nejen kr\u00e1sou zapsan\u00e9 do historie","url":"https:\/\/www.arbitra.cz\/nejen-krasou-zapsane-do-historie\/","datePublished":"2023-05-15","dateModified":"2023-05-15","mainEntityOfPage":"https:\/\/www.arbitra.cz\/nejen-krasou-zapsane-do-historie\/","author":{"@type":"Person","@id":"https:\/\/www.arbitra.cz\/author\/#Person","name":"","url":"https:\/\/www.arbitra.cz\/author\/","identifier":1,"image":{"@type":"ImageObject","@id":"https:\/\/secure.gravatar.com\/avatar\/8eaf08ef5a7e54fc91db02b2058b03bc913caaaa39c046819bbf43d06bd23c2b?s=96&d=mm&r=g","url":"https:\/\/secure.gravatar.com\/avatar\/8eaf08ef5a7e54fc91db02b2058b03bc913caaaa39c046819bbf43d06bd23c2b?s=96&d=mm&r=g","height":96,"width":96}},"publisher":{"@type":"Organization","name":"arbitra.cz","logo":{"@type":"ImageObject","@id":"\/logo.png","url":"\/logo.png","width":600,"height":60}},"image":{"@type":"ImageObject","@id":"https:\/\/www.arbitra.cz\/wp-content\/uploads\/img_a306142_w1959_t1517382544.jpg","url":"https:\/\/www.arbitra.cz\/wp-content\/uploads\/img_a306142_w1959_t1517382544.jpg","height":0,"width":0},"wordCount":656,"keywords":null},{"@type":"Article","@id":"https:\/\/www.arbitra.cz\/stoji-za-wannacry-kldr\/","headline":"Stoj\u00ed za WannaCry KLDR?","url":"https:\/\/www.arbitra.cz\/stoji-za-wannacry-kldr\/","datePublished":"2023-05-15","dateModified":"2023-05-15","mainEntityOfPage":"https:\/\/www.arbitra.cz\/stoji-za-wannacry-kldr\/","author":{"@type":"Person","@id":"https:\/\/www.arbitra.cz\/author\/#Person","name":"","url":"https:\/\/www.arbitra.cz\/author\/","identifier":1,"image":{"@type":"ImageObject","@id":"https:\/\/secure.gravatar.com\/avatar\/8eaf08ef5a7e54fc91db02b2058b03bc913caaaa39c046819bbf43d06bd23c2b?s=96&d=mm&r=g","url":"https:\/\/secure.gravatar.com\/avatar\/8eaf08ef5a7e54fc91db02b2058b03bc913caaaa39c046819bbf43d06bd23c2b?s=96&d=mm&r=g","height":96,"width":96}},"publisher":{"@type":"Organization","name":"arbitra.cz","logo":{"@type":"ImageObject","@id":"\/logo.png","url":"\/logo.png","width":600,"height":60}},"image":{"@type":"ImageObject","@id":"https:\/\/www.arbitra.cz\/wp-content\/uploads\/img_a298274_w2199_t1508614789.jpg","url":"https:\/\/www.arbitra.cz\/wp-content\/uploads\/img_a298274_w2199_t1508614789.jpg","height":0,"width":0},"wordCount":455,"keywords":null},{"@type":"Article","@id":"https:\/\/www.arbitra.cz\/historicka-vozidla-a-motocykly\/","headline":"Historick\u00e1 vozidla a motocykly","url":"https:\/\/www.arbitra.cz\/historicka-vozidla-a-motocykly\/","datePublished":"2023-05-15","dateModified":"2023-05-15","mainEntityOfPage":"https:\/\/www.arbitra.cz\/historicka-vozidla-a-motocykly\/","author":{"@type":"Person","@id":"https:\/\/www.arbitra.cz\/author\/#Person","name":"","url":"https:\/\/www.arbitra.cz\/author\/","identifier":1,"image":{"@type":"ImageObject","@id":"https:\/\/secure.gravatar.com\/avatar\/8eaf08ef5a7e54fc91db02b2058b03bc913caaaa39c046819bbf43d06bd23c2b?s=96&d=mm&r=g","url":"https:\/\/secure.gravatar.com\/avatar\/8eaf08ef5a7e54fc91db02b2058b03bc913caaaa39c046819bbf43d06bd23c2b?s=96&d=mm&r=g","height":96,"width":96}},"publisher":{"@type":"Organization","name":"arbitra.cz","logo":{"@type":"ImageObject","@id":"\/logo.png","url":"\/logo.png","width":600,"height":60}},"image":{"@type":"ImageObject","@id":"https:\/\/www.arbitra.cz\/wp-content\/uploads\/img_a296038_w1718_t1507308598.jpg","url":"https:\/\/www.arbitra.cz\/wp-content\/uploads\/img_a296038_w1718_t1507308598.jpg","height":0,"width":0},"wordCount":583,"keywords":null},{"@type":"Article","@id":"https:\/\/www.arbitra.cz\/alkoholismus-zen\/","headline":"Alkoholismus \u017een","url":"https:\/\/www.arbitra.cz\/alkoholismus-zen\/","datePublished":"2023-05-15","dateModified":"2023-05-15","mainEntityOfPage":"https:\/\/www.arbitra.cz\/alkoholismus-zen\/","author":{"@type":"Person","@id":"https:\/\/www.arbitra.cz\/author\/#Person","name":"","url":"https:\/\/www.arbitra.cz\/author\/","identifier":1,"image":{"@type":"ImageObject","@id":"https:\/\/secure.gravatar.com\/avatar\/8eaf08ef5a7e54fc91db02b2058b03bc913caaaa39c046819bbf43d06bd23c2b?s=96&d=mm&r=g","url":"https:\/\/secure.gravatar.com\/avatar\/8eaf08ef5a7e54fc91db02b2058b03bc913caaaa39c046819bbf43d06bd23c2b?s=96&d=mm&r=g","height":96,"width":96}},"publisher":{"@type":"Organization","name":"arbitra.cz","logo":{"@type":"ImageObject","@id":"\/logo.png","url":"\/logo.png","width":600,"height":60}},"image":{"@type":"ImageObject","@id":"https:\/\/www.arbitra.cz\/wp-content\/uploads\/img_a295239_w2063_t1506763789.jpg","url":"https:\/\/www.arbitra.cz\/wp-content\/uploads\/img_a295239_w2063_t1506763789.jpg","height":0,"width":0},"wordCount":508,"keywords":null}]},{"@context":"https:\/\/schema.org","@type":"WebSite","@id":"https:\/\/www.arbitra.cz\/#website","name":"Arbitra","url":"https:\/\/www.arbitra.cz","potentialAction":{"@type":"SearchAction","target":"https:\/\/www.arbitra.cz\/?s={search_term_string}","query-input":"required name=search_term_string"}}]