[{"@context":"https:\/\/schema.org\/","@type":"Blog","@id":"https:\/\/www.arbitra.cz#Blog","headline":"Arbitra","description":"\nPot\u0159ebujete naprosto spolehliv\u00e9 \u00fadaje, ale nev\u00edte, kde je vz\u00edt, a tak\u00e9 je zapom\u00edn\u00e1te? Pak si zapamatujte, \u017ee je najdete kdykoliv na na\u0161em webu.","url":"https:\/\/www.arbitra.cz","hasPart":[{"@type":"Article","@id":"https:\/\/www.arbitra.cz\/odreagujte-se-jako-spravny-muz\/","headline":"Odreagujte se jako spr\u00e1vn\u00fd mu\u017e","url":"https:\/\/www.arbitra.cz\/odreagujte-se-jako-spravny-muz\/","datePublished":"2018-10-23","dateModified":"2023-05-15","mainEntityOfPage":"https:\/\/www.arbitra.cz\/odreagujte-se-jako-spravny-muz\/","author":{"@type":"Person","@id":"https:\/\/www.arbitra.cz\/author\/#Person","name":"","url":"https:\/\/www.arbitra.cz\/author\/","identifier":1,"image":{"@type":"ImageObject","@id":"https:\/\/secure.gravatar.com\/avatar\/8eaf08ef5a7e54fc91db02b2058b03bc913caaaa39c046819bbf43d06bd23c2b?s=96&d=mm&r=g","url":"https:\/\/secure.gravatar.com\/avatar\/8eaf08ef5a7e54fc91db02b2058b03bc913caaaa39c046819bbf43d06bd23c2b?s=96&d=mm&r=g","height":96,"width":96}},"publisher":{"@type":"Organization","name":"arbitra.cz","logo":{"@type":"ImageObject","@id":"\/logo.png","url":"\/logo.png","width":600,"height":60}},"image":{"@type":"ImageObject","@id":"https:\/\/www.arbitra.cz\/wp-content\/uploads\/img_a328727_w1723_t1540894812.jpg","url":"https:\/\/www.arbitra.cz\/wp-content\/uploads\/img_a328727_w1723_t1540894812.jpg","height":0,"width":0},"wordCount":524,"keywords":null},{"@type":"Article","@id":"https:\/\/www.arbitra.cz\/svedivy-neprijemny-problem\/","headline":"Sv\u011bdiv\u00fd nep\u0159\u00edjemn\u00fd probl\u00e9m","url":"https:\/\/www.arbitra.cz\/svedivy-neprijemny-problem\/","datePublished":"2018-09-11","dateModified":"2023-05-15","mainEntityOfPage":"https:\/\/www.arbitra.cz\/svedivy-neprijemny-problem\/","author":{"@type":"Person","@id":"https:\/\/www.arbitra.cz\/author\/#Person","name":"","url":"https:\/\/www.arbitra.cz\/author\/","identifier":1,"image":{"@type":"ImageObject","@id":"https:\/\/secure.gravatar.com\/avatar\/8eaf08ef5a7e54fc91db02b2058b03bc913caaaa39c046819bbf43d06bd23c2b?s=96&d=mm&r=g","url":"https:\/\/secure.gravatar.com\/avatar\/8eaf08ef5a7e54fc91db02b2058b03bc913caaaa39c046819bbf43d06bd23c2b?s=96&d=mm&r=g","height":96,"width":96}},"publisher":{"@type":"Organization","name":"arbitra.cz","logo":{"@type":"ImageObject","@id":"\/logo.png","url":"\/logo.png","width":600,"height":60}},"image":{"@type":"ImageObject","@id":"https:\/\/www.arbitra.cz\/wp-content\/uploads\/img_a329476_w2435_t1541930120.jpg","url":"https:\/\/www.arbitra.cz\/wp-content\/uploads\/img_a329476_w2435_t1541930120.jpg","height":0,"width":0},"wordCount":591,"keywords":null},{"@type":"Article","@id":"https:\/\/www.arbitra.cz\/jak-na-praci-au-pair\/","headline":"Jak na pr\u00e1ci Au-pair","url":"https:\/\/www.arbitra.cz\/jak-na-praci-au-pair\/","datePublished":"2018-08-09","dateModified":"2023-05-15","mainEntityOfPage":"https:\/\/www.arbitra.cz\/jak-na-praci-au-pair\/","author":{"@type":"Person","@id":"https:\/\/www.arbitra.cz\/author\/#Person","name":"","url":"https:\/\/www.arbitra.cz\/author\/","identifier":1,"image":{"@type":"ImageObject","@id":"https:\/\/secure.gravatar.com\/avatar\/8eaf08ef5a7e54fc91db02b2058b03bc913caaaa39c046819bbf43d06bd23c2b?s=96&d=mm&r=g","url":"https:\/\/secure.gravatar.com\/avatar\/8eaf08ef5a7e54fc91db02b2058b03bc913caaaa39c046819bbf43d06bd23c2b?s=96&d=mm&r=g","height":96,"width":96}},"publisher":{"@type":"Organization","name":"arbitra.cz","logo":{"@type":"ImageObject","@id":"\/logo.png","url":"\/logo.png","width":600,"height":60}},"image":{"@type":"ImageObject","@id":"https:\/\/www.arbitra.cz\/wp-content\/uploads\/img_a322231_w1961_t1533756730.jpg","url":"https:\/\/www.arbitra.cz\/wp-content\/uploads\/img_a322231_w1961_t1533756730.jpg","height":0,"width":0},"wordCount":701,"keywords":null},{"@type":"Article","@id":"https:\/\/www.arbitra.cz\/neprehltme-nase-deti\/","headline":"Nep\u0159ehl\u0165me na\u0161e d\u011bti","url":"https:\/\/www.arbitra.cz\/neprehltme-nase-deti\/","datePublished":"2018-06-19","dateModified":"2023-05-15","mainEntityOfPage":"https:\/\/www.arbitra.cz\/neprehltme-nase-deti\/","author":{"@type":"Person","@id":"https:\/\/www.arbitra.cz\/author\/#Person","name":"","url":"https:\/\/www.arbitra.cz\/author\/","identifier":1,"image":{"@type":"ImageObject","@id":"https:\/\/secure.gravatar.com\/avatar\/8eaf08ef5a7e54fc91db02b2058b03bc913caaaa39c046819bbf43d06bd23c2b?s=96&d=mm&r=g","url":"https:\/\/secure.gravatar.com\/avatar\/8eaf08ef5a7e54fc91db02b2058b03bc913caaaa39c046819bbf43d06bd23c2b?s=96&d=mm&r=g","height":96,"width":96}},"publisher":{"@type":"Organization","name":"arbitra.cz","logo":{"@type":"ImageObject","@id":"\/logo.png","url":"\/logo.png","width":600,"height":60}},"image":{"@type":"ImageObject","@id":"https:\/\/www.arbitra.cz\/wp-content\/uploads\/img_a319860_w2100_t1530994551.jpg","url":"https:\/\/www.arbitra.cz\/wp-content\/uploads\/img_a319860_w2100_t1530994551.jpg","height":0,"width":0},"wordCount":618,"keywords":null},{"@type":"Article","@id":"https:\/\/www.arbitra.cz\/letni-dovolena-nekonci\/","headline":"Letn\u00ed dovolen\u00e1 nekon\u010d\u00ed","url":"https:\/\/www.arbitra.cz\/letni-dovolena-nekonci\/","datePublished":"2018-06-06","dateModified":"2018-06-06","mainEntityOfPage":"https:\/\/www.arbitra.cz\/letni-dovolena-nekonci\/","author":{"@type":"Person","@id":"https:\/\/www.arbitra.cz\/author\/#Person","name":"","url":"https:\/\/www.arbitra.cz\/author\/","identifier":1,"image":{"@type":"ImageObject","@id":"https:\/\/secure.gravatar.com\/avatar\/8eaf08ef5a7e54fc91db02b2058b03bc913caaaa39c046819bbf43d06bd23c2b?s=96&d=mm&r=g","url":"https:\/\/secure.gravatar.com\/avatar\/8eaf08ef5a7e54fc91db02b2058b03bc913caaaa39c046819bbf43d06bd23c2b?s=96&d=mm&r=g","height":96,"width":96}},"publisher":{"@type":"Organization","name":"arbitra.cz","logo":{"@type":"ImageObject","@id":"\/logo.png","url":"\/logo.png","width":600,"height":60}},"image":{"@type":"ImageObject","@id":"https:\/\/www.arbitra.cz\/wp-content\/uploads\/img_a322057_w1757_t1533577506.jpg","url":"https:\/\/www.arbitra.cz\/wp-content\/uploads\/img_a322057_w1757_t1533577506.jpg","height":0,"width":0},"wordCount":559,"keywords":null},{"@type":"Article","@id":"https:\/\/www.arbitra.cz\/nejdrazsi-neznamena-vzdy-nejlepsi\/","headline":"Nejdra\u017e\u0161\u00ed neznamen\u00e1 v\u017edy nejlep\u0161\u00ed","url":"https:\/\/www.arbitra.cz\/nejdrazsi-neznamena-vzdy-nejlepsi\/","datePublished":"2018-05-28","dateModified":"2023-05-15","mainEntityOfPage":"https:\/\/www.arbitra.cz\/nejdrazsi-neznamena-vzdy-nejlepsi\/","author":{"@type":"Person","@id":"https:\/\/www.arbitra.cz\/author\/#Person","name":"","url":"https:\/\/www.arbitra.cz\/author\/","identifier":1,"image":{"@type":"ImageObject","@id":"https:\/\/secure.gravatar.com\/avatar\/8eaf08ef5a7e54fc91db02b2058b03bc913caaaa39c046819bbf43d06bd23c2b?s=96&d=mm&r=g","url":"https:\/\/secure.gravatar.com\/avatar\/8eaf08ef5a7e54fc91db02b2058b03bc913caaaa39c046819bbf43d06bd23c2b?s=96&d=mm&r=g","height":96,"width":96}},"publisher":{"@type":"Organization","name":"arbitra.cz","logo":{"@type":"ImageObject","@id":"\/logo.png","url":"\/logo.png","width":600,"height":60}},"image":{"@type":"ImageObject","@id":"https:\/\/www.arbitra.cz\/wp-content\/uploads\/img_a321497_w1693_t1532760763.jpg","url":"https:\/\/www.arbitra.cz\/wp-content\/uploads\/img_a321497_w1693_t1532760763.jpg","height":0,"width":0},"wordCount":701,"keywords":null},{"@type":"Article","@id":"https:\/\/www.arbitra.cz\/i-vy-se-dockate-toho-nejlepsiho\/","headline":"I Vy se do\u010dk\u00e1te toho nejlep\u0161\u00edho","url":"https:\/\/www.arbitra.cz\/i-vy-se-dockate-toho-nejlepsiho\/","datePublished":"2018-05-06","dateModified":"2018-05-06","mainEntityOfPage":"https:\/\/www.arbitra.cz\/i-vy-se-dockate-toho-nejlepsiho\/","author":{"@type":"Person","@id":"https:\/\/www.arbitra.cz\/author\/#Person","name":"","url":"https:\/\/www.arbitra.cz\/author\/","identifier":1,"image":{"@type":"ImageObject","@id":"https:\/\/secure.gravatar.com\/avatar\/8eaf08ef5a7e54fc91db02b2058b03bc913caaaa39c046819bbf43d06bd23c2b?s=96&d=mm&r=g","url":"https:\/\/secure.gravatar.com\/avatar\/8eaf08ef5a7e54fc91db02b2058b03bc913caaaa39c046819bbf43d06bd23c2b?s=96&d=mm&r=g","height":96,"width":96}},"publisher":{"@type":"Organization","name":"arbitra.cz","logo":{"@type":"ImageObject","@id":"\/logo.png","url":"\/logo.png","width":600,"height":60}},"image":{"@type":"ImageObject","@id":"https:\/\/www.arbitra.cz\/wp-content\/uploads\/img_a316831_w2314_t1527691331.jpg","url":"https:\/\/www.arbitra.cz\/wp-content\/uploads\/img_a316831_w2314_t1527691331.jpg","height":0,"width":0},"wordCount":555,"keywords":null},{"@type":"Article","@id":"https:\/\/www.arbitra.cz\/odzimovani-bazenu-je-soucasti-jeho-pravidelne-predsezonni-udrzby\/","headline":"Odzimov\u00e1n\u00ed baz\u00e9nu je sou\u010d\u00e1st\u00ed jeho pravideln\u00e9 p\u0159edsez\u00f3nn\u00ed \u00fadr\u017eby","url":"https:\/\/www.arbitra.cz\/odzimovani-bazenu-je-soucasti-jeho-pravidelne-predsezonni-udrzby\/","datePublished":"2018-05-03","dateModified":"2023-05-15","mainEntityOfPage":"https:\/\/www.arbitra.cz\/odzimovani-bazenu-je-soucasti-jeho-pravidelne-predsezonni-udrzby\/","author":{"@type":"Person","@id":"https:\/\/www.arbitra.cz\/author\/#Person","name":"","url":"https:\/\/www.arbitra.cz\/author\/","identifier":1,"image":{"@type":"ImageObject","@id":"https:\/\/secure.gravatar.com\/avatar\/8eaf08ef5a7e54fc91db02b2058b03bc913caaaa39c046819bbf43d06bd23c2b?s=96&d=mm&r=g","url":"https:\/\/secure.gravatar.com\/avatar\/8eaf08ef5a7e54fc91db02b2058b03bc913caaaa39c046819bbf43d06bd23c2b?s=96&d=mm&r=g","height":96,"width":96}},"publisher":{"@type":"Organization","name":"arbitra.cz","logo":{"@type":"ImageObject","@id":"\/logo.png","url":"\/logo.png","width":600,"height":60}},"image":{"@type":"ImageObject","@id":"https:\/\/www.arbitra.cz\/wp-content\/uploads\/img_a317540_w2438_t1528273616.jpg","url":"https:\/\/www.arbitra.cz\/wp-content\/uploads\/img_a317540_w2438_t1528273616.jpg","height":0,"width":0},"wordCount":575,"keywords":null},{"@type":"Article","@id":"https:\/\/www.arbitra.cz\/vyhodna-pujcka-ktera-je-vam-k-dispozici-ihned\/","headline":"V\u00fdhodn\u00e1 p\u016fj\u010dka, kter\u00e1 je v\u00e1m k dispozici ihned","url":"https:\/\/www.arbitra.cz\/vyhodna-pujcka-ktera-je-vam-k-dispozici-ihned\/","datePublished":"2018-03-27","dateModified":"2018-03-27","mainEntityOfPage":"https:\/\/www.arbitra.cz\/vyhodna-pujcka-ktera-je-vam-k-dispozici-ihned\/","author":{"@type":"Person","@id":"https:\/\/www.arbitra.cz\/author\/#Person","name":"","url":"https:\/\/www.arbitra.cz\/author\/","identifier":1,"image":{"@type":"ImageObject","@id":"https:\/\/secure.gravatar.com\/avatar\/8eaf08ef5a7e54fc91db02b2058b03bc913caaaa39c046819bbf43d06bd23c2b?s=96&d=mm&r=g","url":"https:\/\/secure.gravatar.com\/avatar\/8eaf08ef5a7e54fc91db02b2058b03bc913caaaa39c046819bbf43d06bd23c2b?s=96&d=mm&r=g","height":96,"width":96}},"publisher":{"@type":"Organization","name":"arbitra.cz","logo":{"@type":"ImageObject","@id":"\/logo.png","url":"\/logo.png","width":600,"height":60}},"image":{"@type":"ImageObject","@id":"https:\/\/www.arbitra.cz\/wp-content\/uploads\/img_a315442_w2080_t1526314300.png","url":"https:\/\/www.arbitra.cz\/wp-content\/uploads\/img_a315442_w2080_t1526314300.png","height":0,"width":0},"wordCount":531,"keywords":null},{"@type":"Article","@id":"https:\/\/www.arbitra.cz\/bez-filtracniho-pisku-se-v-bazenu-neobejdete\/","headline":"Bez filtra\u010dn\u00edho p\u00edsku se v baz\u00e9nu neobejdete","url":"https:\/\/www.arbitra.cz\/bez-filtracniho-pisku-se-v-bazenu-neobejdete\/","datePublished":"2018-03-06","dateModified":"2023-05-15","mainEntityOfPage":"https:\/\/www.arbitra.cz\/bez-filtracniho-pisku-se-v-bazenu-neobejdete\/","author":{"@type":"Person","@id":"https:\/\/www.arbitra.cz\/author\/#Person","name":"","url":"https:\/\/www.arbitra.cz\/author\/","identifier":1,"image":{"@type":"ImageObject","@id":"https:\/\/secure.gravatar.com\/avatar\/8eaf08ef5a7e54fc91db02b2058b03bc913caaaa39c046819bbf43d06bd23c2b?s=96&d=mm&r=g","url":"https:\/\/secure.gravatar.com\/avatar\/8eaf08ef5a7e54fc91db02b2058b03bc913caaaa39c046819bbf43d06bd23c2b?s=96&d=mm&r=g","height":96,"width":96}},"publisher":{"@type":"Organization","name":"arbitra.cz","logo":{"@type":"ImageObject","@id":"\/logo.png","url":"\/logo.png","width":600,"height":60}},"image":{"@type":"ImageObject","@id":"https:\/\/www.arbitra.cz\/wp-content\/uploads\/img_a314827_w2193_t1525863517.jpg","url":"https:\/\/www.arbitra.cz\/wp-content\/uploads\/img_a314827_w2193_t1525863517.jpg","height":0,"width":0},"wordCount":587,"keywords":null}]},{"@context":"https:\/\/schema.org","@type":"WebSite","@id":"https:\/\/www.arbitra.cz\/#website","name":"Arbitra","url":"https:\/\/www.arbitra.cz","potentialAction":{"@type":"SearchAction","target":"https:\/\/www.arbitra.cz\/?s={search_term_string}","query-input":"required name=search_term_string"}}]