[{"@context":"https:\/\/schema.org\/","@type":"Article","@id":"https:\/\/www.arbitra.cz\/medzi-nami-je-veselo\/#Article","mainEntityOfPage":"https:\/\/www.arbitra.cz\/medzi-nami-je-veselo\/","headline":"Medzi nami je veselo","name":"Medzi nami je veselo","description":"Prian\u00edm v\u0161etk\u00fdch rodi\u010dov je, aby ich die\u0165atko vyrastalo v\u00a0prostred\u00ed, kde sa c\u00edti pr\u00edjemne a\u00a0m\u00f4\u017ee primerane rozv\u00edja\u0165 svoju osobnos\u0165. To sa mu sna\u017eia zabezpe\u010di\u0165 aj mimo dom\u00e1ceho prostredia v\u00a0\u010dase, ke\u010f sami musia do pr\u00e1ce alebo za in\u00fdmi povinnos\u0165ami. Zariadenie, ktor\u00e9 sa zap\u00e1\u010di nielen rodi\u010dom ale i\u00a0de\u0165om hne\u010f na prv\u00fd poh\u013ead, sa","datePublished":"2024-02-03","dateModified":"2024-02-03","author":{"@type":"Person","@id":"https:\/\/www.arbitra.cz\/author\/#Person","name":"","url":"https:\/\/www.arbitra.cz\/author\/","identifier":1,"image":{"@type":"ImageObject","@id":"https:\/\/secure.gravatar.com\/avatar\/8eaf08ef5a7e54fc91db02b2058b03bc913caaaa39c046819bbf43d06bd23c2b?s=96&d=mm&r=g","url":"https:\/\/secure.gravatar.com\/avatar\/8eaf08ef5a7e54fc91db02b2058b03bc913caaaa39c046819bbf43d06bd23c2b?s=96&d=mm&r=g","height":96,"width":96}},"publisher":{"@type":"Organization","name":"arbitra.cz","logo":{"@type":"ImageObject","@id":"\/logo.png","url":"\/logo.png","width":600,"height":60}},"url":"https:\/\/www.arbitra.cz\/medzi-nami-je-veselo\/","wordCount":240,"articleBody":"\tPrian\u00edm v\u0161etk\u00fdch rodi\u010dov je, aby ich die\u0165atko vyrastalo v\u00a0prostred\u00ed, kde sa c\u00edti pr\u00edjemne a\u00a0m\u00f4\u017ee primerane rozv\u00edja\u0165 svoju osobnos\u0165. To sa mu sna\u017eia zabezpe\u010di\u0165 aj mimo dom\u00e1ceho prostredia v\u00a0\u010dase, ke\u010f sami musia do pr\u00e1ce alebo za in\u00fdmi povinnos\u0165ami. Zariadenie, ktor\u00e9 sa zap\u00e1\u010di nielen rodi\u010dom ale i\u00a0de\u0165om hne\u010f na prv\u00fd poh\u013ead, sa nach\u00e1dza v\u00a0malebnej a\u00a0tichej \u0161tvrti. S\u00fa to jasle bratislava, umiestnen\u00e9 v\u00a0rodinnom dom\u010deku. Ich prednos\u0165ou je mal\u00fd po\u010det det\u00ed, ktor\u00fdm sa m\u00f4\u017eu u\u010dite\u013eky venova\u0165 individu\u00e1lne. A\u00a0verte tomu, \u017ee i na tomto mieste sa postupuje pod\u013ea v\u00fdukov\u00fdch pl\u00e1nov ako v\u00a0\u0161t\u00e1tnych zariadeniach.\tPestr\u00fd programDeti s\u00fa sem prij\u00edman\u00e9 u\u017e od jedn\u00e9ho roku. Tak\u017ee sa v ka\u017edej z\u00a0troch tried m\u00f4\u017eu stretn\u00fa\u0165 drobci vo veku jeden a\u017e \u0161es\u0165 rokov. To vytv\u00e1ra spolu so zauj\u00edmav\u00fdm programom vesel\u00e9 rodinn\u00e9 prostredie. Okrem starostlivosti, ktor\u00fa poskytuje zariadenie v\u00a0tej najlep\u0161ej podobe, sa m\u00f4\u017eete spo\u013eahn\u00fa\u0165 aj na zauj\u00edmav\u00e9 aktivity. T\u00fdkaj\u00fa sa aj t\u00fdch najmen\u0161\u00edch, ve\u010f pozn\u00e1vanie sveta hravou formou je najlep\u0161\u00ed sp\u00f4sob u\u010denia sa. Ve\u013emi pozit\u00edvny je aj vplyv takmer rodinn\u00e9ho prostredia, kde ve\u013ek\u00fa \u00falohu hr\u00e1 mo\u017enos\u0165 pozorova\u0165 konanie star\u0161\u00edch kamar\u00e1tov.                                                                                                                                                                                                                                                                                                                                                                                        4.3\/5 - (6 votes)        "},{"@context":"https:\/\/schema.org\/","@type":"BreadcrumbList","itemListElement":[{"@type":"ListItem","position":1,"name":"Medzi nami je veselo","item":"https:\/\/www.arbitra.cz\/medzi-nami-je-veselo\/#breadcrumbitem"}]}]