[{"@context":"https:\/\/schema.org\/","@type":"Article","@id":"https:\/\/www.arbitra.cz\/jak-je-to-s-odskodnenim\/#Article","mainEntityOfPage":"https:\/\/www.arbitra.cz\/jak-je-to-s-odskodnenim\/","headline":"Jak je to s od\u0161kodn\u011bn\u00edm?","name":"Jak je to s od\u0161kodn\u011bn\u00edm?","description":"Kdy\u017e \u010dlov\u011bk utrp\u00ed pracovn\u00ed \u00faraz, m\u00e1 n\u00e1rok na pat\u0159i\u010dn\u00e9 od\u0161kodn\u011bn\u00ed. A v p\u0159\u00edpad\u011b, \u017ee to m\u00e1 trval\u00e9 n\u00e1sledky, jakbysmet. Proto\u017ee se m\u011bl zam\u011bstnavatel postarat, aby k takov\u00e9mu \u00farazu nedo\u0161lo, a do\u0161lo-li, maj\u00ed se alespo\u0148 v r\u00e1mci mo\u017enost\u00ed dan\u00fdch z\u00e1konem minimalizovat zp\u016fsoben\u00e9 \u0161kody. V p\u0159\u00edpad\u011b trval\u00fdch n\u00e1sledk\u016f jde o n\u00e1hradu \u0161kody","datePublished":"2019-03-15","dateModified":"2023-09-18","author":{"@type":"Person","@id":"https:\/\/www.arbitra.cz\/author\/#Person","name":"","url":"https:\/\/www.arbitra.cz\/author\/","identifier":1,"image":{"@type":"ImageObject","@id":"https:\/\/secure.gravatar.com\/avatar\/8eaf08ef5a7e54fc91db02b2058b03bc913caaaa39c046819bbf43d06bd23c2b?s=96&d=mm&r=g","url":"https:\/\/secure.gravatar.com\/avatar\/8eaf08ef5a7e54fc91db02b2058b03bc913caaaa39c046819bbf43d06bd23c2b?s=96&d=mm&r=g","height":96,"width":96}},"publisher":{"@type":"Organization","name":"arbitra.cz","logo":{"@type":"ImageObject","@id":"\/logo.png","url":"\/logo.png","width":600,"height":60}},"image":{"@type":"ImageObject","@id":"https:\/\/www.arbitra.cz\/wp-content\/uploads\/img_a342830_w1706_t1556013945.jpg","url":"https:\/\/www.arbitra.cz\/wp-content\/uploads\/img_a342830_w1706_t1556013945.jpg","height":0,"width":0},"url":"https:\/\/www.arbitra.cz\/jak-je-to-s-odskodnenim\/","about":["Podnik\u00e1n\u00ed"],"wordCount":535,"articleBody":"             Kdy\u017e \u010dlov\u011bk utrp\u00ed pracovn\u00ed \u00faraz, m\u00e1 n\u00e1rok na pat\u0159i\u010dn\u00e9 od\u0161kodn\u011bn\u00ed. A v p\u0159\u00edpad\u011b, \u017ee to m\u00e1 trval\u00e9 n\u00e1sledky, jakbysmet. Proto\u017ee se m\u011bl zam\u011bstnavatel postarat, aby k takov\u00e9mu \u00farazu nedo\u0161lo, a do\u0161lo-li, maj\u00ed se alespo\u0148 v r\u00e1mci mo\u017enost\u00ed dan\u00fdch z\u00e1konem minimalizovat zp\u016fsoben\u00e9 \u0161kody. V p\u0159\u00edpad\u011b trval\u00fdch n\u00e1sledk\u016f jde o n\u00e1hradu \u0161kody za zt\u00ed\u017een\u00ed spole\u010densk\u00e9ho uplatn\u011bn\u00ed (tedy trval\u00e9 n\u00e1sledky), kter\u00e9 vzniklo pr\u00e1v\u011b kv\u016fli pracovn\u00edmu \u00farazu a zp\u016fsobilo trvalou zm\u011bnu zdravotn\u00edho stavu, je\u017e nep\u0159\u00edzniv\u011b ovlivnila uspokojov\u00e1n\u00ed \u017eivotn\u00edch, pracovn\u00edch a spole\u010densk\u00fdch pot\u0159eb po\u0161kozen\u00e9ho. A to zejm\u00e9na v oblastech t\u00fdkaj\u00edc\u00edch se dal\u0161\u00edho v\u00fdkonu dosavadn\u00edho povol\u00e1n\u00ed nebo p\u0159\u00edpravy na povol\u00e1n\u00ed, dal\u0161\u00edho vzd\u011bl\u00e1v\u00e1n\u00ed a mo\u017enosti uplatn\u011bn\u00ed v r\u016fzn\u00fdch sf\u00e9r\u00e1ch \u017eivota. Podle p\u0159\u00edslu\u0161n\u00e9ho na\u0159\u00edzen\u00ed vl\u00e1dy se toto od\u0161kodn\u011bn\u00ed vypl\u00e1c\u00ed jednor\u00e1zov\u011b na z\u00e1klad\u011b bodov\u00e9ho ohodnocen\u00ed. \u010clov\u011bku je prost\u011b p\u0159id\u011blen po\u010det bod\u016f odpov\u00eddaj\u00edc\u00ed rozsahu po\u0161kozen\u00ed, zpravidla rok po \u00faraze, kdy u\u017e je z\u0159ejm\u00e9, \u017ee dal\u0161\u00ed l\u00e9\u010dba nedok\u00e1\u017ee zm\u011bnit zdravotn\u00ed stav a n\u00e1sledky onoho \u00farazu pozitivn\u00edm zp\u016fsobem, a kdy jsou ukon\u010deny ve\u0161ker\u00e9 rehabilitace, a za ka\u017ed\u00fd takov\u00fd bod se n\u00e1sledn\u011b vypl\u00e1c\u00ed 250 korun. Ov\u0161em zm\u00edn\u011bn\u00fd rok nen\u00ed nezbytn\u011b pravidlem, rozhoduj\u00edc\u00ed je pr\u00e1v\u011b to, kdy je mo\u017eno definitivn\u011b \u0159\u00edci, \u017ee lep\u0161\u00ed u\u017e to nebude, a rozhodnout. P\u0159i\u010dem\u017e je i po takov\u00e9m rozhodnut\u00ed mo\u017eno dos\u00e1hnout zm\u011bny. Pokud by toti\u017e je\u0161t\u011b dodate\u010dn\u011b do\u0161lo ke zhor\u0161en\u00ed zdravotn\u00edho stavu v souvislosti se zm\u00edn\u011bn\u00fdm \u00farazem, je mo\u017eno prov\u00e9st nov\u00e9 ohodnocen\u00ed zt\u00ed\u017een\u00ed spole\u010densk\u00e9ho uplatn\u011bn\u00ed a od\u0161kodn\u011bn\u00ed za trval\u00e9 n\u00e1sledkytak nav\u00fd\u0161it. To ov\u0161em znamen\u00e1 si rad\u011bji sehnat soudn\u00edho znalce a vyhledat pr\u00e1vn\u00ed zastoupen\u00ed, m\u00e1-li to prob\u011bhnout co nejjednodu\u0161eji a nej\u00fasp\u011b\u0161n\u011bji. Stejn\u011b jako je z\u00e1hodno si tut\u00e9\u017e odbornou pomoc sehnat ve chv\u00edli, kdy \u010dlov\u011bk nen\u00ed s od\u0161kodn\u011bn\u00edm spokojen; co\u017e se m\u016f\u017ee st\u00e1t, proto\u017ee zm\u00edn\u011bn\u00e9 na\u0159\u00edzen\u00ed vl\u00e1dy nem\u016f\u017ee nikdy plo\u0161n\u011b rozhodnout o ka\u017ed\u00e9m detailu, jen\u017e m\u016f\u017ee m\u00edt pro n\u011bkter\u00e9 po\u0161kozen\u00e9 nulov\u00fd a pro jin\u00e9 pro zm\u011bnu obrovsk\u00fd v\u00fdznam. V takov\u00e9m p\u0159\u00edpad\u011b je t\u0159eba obr\u00e1tit se na soud, kter\u00fd m\u016f\u017ee pr\u00e1v\u011b nespr\u00e1vn\u00e9 od\u0161kodn\u011bn\u00ed ovlivnit. Po\u010d\u00edt\u00e1 s t\u00edm z\u00e1kon\u00edk pr\u00e1ce a po\u010d\u00edtat by s t\u00edm m\u011bli i lid\u00e9. Proto\u017ee ne\u0161t\u011bst\u00ed nechod\u00ed po hor\u00e1ch, ale po lidech. A byla by \u0161koda se nechat odb\u00fdt, mohou-li n\u00e1m pr\u00e1v\u011b tady pomoci k v\u011bt\u0161\u00edm pen\u011bz\u016fm. Je\u017e sice nesprav\u00ed to, co se stalo, ale aspo\u0148 z\u010d\u00e1sti pomohou.                                                                                                                                                                                                                                                                                                                                                                                          4.7\/5 - (8 votes)        "},{"@context":"https:\/\/schema.org\/","@type":"BreadcrumbList","itemListElement":[{"@type":"ListItem","position":1,"name":"Jak je to s od\u0161kodn\u011bn\u00edm?","item":"https:\/\/www.arbitra.cz\/jak-je-to-s-odskodnenim\/#breadcrumbitem"}]}]