[{"@context":"https:\/\/schema.org\/","@type":"Article","@id":"https:\/\/www.arbitra.cz\/hororovy-herec\/#Article","mainEntityOfPage":"https:\/\/www.arbitra.cz\/hororovy-herec\/","headline":"Hororov\u00fd herec","name":"Hororov\u00fd herec","description":"Kdy\u017e u\u017e je to \u010dl\u00e1nek pro z\u00e1bavu, bude formou h\u00e1danky. Nejprve n\u011bkolik indici\u00ed a zaj\u00edmavost\u00ed, a a\u017e na konci bude jm\u00e9no onoho slavn\u00e9ho p\u0159edstavitele. Tak tedy. Narodil se v 20. \u0159\u00edjna 1882 v Lugoji. Co\u017e je v nyn\u011bj\u0161\u00edm Rumunsku, tehdy v\u0161ak Rakousko-Uhersko. \u017divotn\u00ed pou\u0165 za\u010dala v Evrop\u011b, ale pak odjel","datePublished":"2019-09-03","dateModified":"2023-05-15","author":{"@type":"Person","@id":"https:\/\/www.arbitra.cz\/author\/#Person","name":"","url":"https:\/\/www.arbitra.cz\/author\/","identifier":1,"image":{"@type":"ImageObject","@id":"https:\/\/secure.gravatar.com\/avatar\/8eaf08ef5a7e54fc91db02b2058b03bc913caaaa39c046819bbf43d06bd23c2b?s=96&d=mm&r=g","url":"https:\/\/secure.gravatar.com\/avatar\/8eaf08ef5a7e54fc91db02b2058b03bc913caaaa39c046819bbf43d06bd23c2b?s=96&d=mm&r=g","height":96,"width":96}},"publisher":{"@type":"Organization","name":"arbitra.cz","logo":{"@type":"ImageObject","@id":"\/logo.png","url":"\/logo.png","width":600,"height":60}},"image":{"@type":"ImageObject","@id":"https:\/\/www.arbitra.cz\/wp-content\/uploads\/img_a355408_w3252_t1569693018.jpg","url":"https:\/\/www.arbitra.cz\/wp-content\/uploads\/img_a355408_w3252_t1569693018.jpg","height":0,"width":0},"url":"https:\/\/www.arbitra.cz\/hororovy-herec\/","about":["Z\u00e1bava"],"wordCount":408,"articleBody":"Kdy\u017e u\u017e je to \u010dl\u00e1nek pro z\u00e1bavu, bude formou h\u00e1danky. Nejprve n\u011bkolik indici\u00ed a zaj\u00edmavost\u00ed, a a\u017e na konci bude jm\u00e9no onoho slavn\u00e9ho p\u0159edstavitele.Tak tedy. Narodil se v 20. \u0159\u00edjna 1882 v Lugoji. Co\u017e je v nyn\u011bj\u0161\u00edm Rumunsku, tehdy v\u0161ak Rakousko-Uhersko. \u017divotn\u00ed pou\u0165 za\u010dala v Evrop\u011b, ale pak odjel do USA, kde i ve v\u011bku 73 let zem\u0159el.Jeho nejslavn\u011bj\u0161\u00ed filmov\u00e1 role je ve filmu Dracula, a to z roku 1931, kter\u00fd nato\u010dil Tod Browning. Dal\u0161\u00ed v\u011bty ji\u017e budou jen fikce, kterou nikdy nikdo nepotvrdil, a u\u017e ani nepotvrd\u00ed. Oba hlavn\u00ed protagonist\u00e9 nikdy ne\u0159ekli, jak to bylo doopravdy.Pan\u00ed Stoneov\u00e1 toti\u017e necht\u011bla pr\u00e1va na slavn\u00fd rom\u00e1n prodat, a tak si za n\u00ed za\u0161el herec osobn\u011b. Jak se cel\u00e1 v\u011bc projedn\u00e1vala se dodnes nev\u00ed. Pr\u00fd ji p\u0159esv\u011bd\u010dil sv\u00fdm vystupov\u00e1n\u00edm a zjevem. Byl bled\u00fd, jeho zuby, tedy \u0161pi\u010d\u00e1ky byly skute\u010dn\u011b dlouh\u00e9, a proto se \u0159\u00edkalo, \u017ee je up\u00edr doopravdy. V ka\u017ed\u00e9m p\u0159\u00edpad\u011b se st\u00e1v\u00e1 onen herec prvn\u00edm, kdo ji p\u0159emluvil a mohlo se to\u010dit.Herec kolem sebe vytvo\u0159il spousty tajemstv\u00ed a podivnost\u00ed. Schv\u00e1ln\u011b: Faktem je to, \u017ee jednu z jeho mnoh\u00fdch p\u0159\u00edtelky\u0148 na\u0161li mrtvou s rozdr\u00e1san\u00fdm hrdlem. Jej\u00ed vra\u017eda nebyla nikdy objasn\u011bna.Herec se st\u00e1v\u00e1 pomalu, ale jist\u011b z\u00e1visl\u00fdm na l\u00e9c\u00edch. Jeho stav se i po psychick\u00e9 str\u00e1nce jen hor\u0161\u00ed a kdy\u017e zem\u0159e, tajemstv\u00ed pokra\u010duje. Jeho nejlep\u0161\u00ed kamar\u00e1d, Boris Karloff, kter\u00fd hr\u00e1l monstrum ve filmech o Frankensteinovi, str\u00e1vil noc u jeho rakve. Kdy\u017e tam r\u00e1no p\u0159i\u0161li lid\u00e9, byl pr\u00fd jeho mrtv\u00fd kolega oml\u00e1dl\u00fd. Tv\u00e1\u0159 m\u011bl bez vr\u00e1sek a pr\u00fd mu z\u010dernaly i vlasy.Jeho hrob byl po del\u0161\u00ed dob\u011b zalit betonem. Pr\u00fd byl mrtv\u00fd herec na h\u0159bitov\u011b n\u011bkolikr\u00e1t spat\u0159en jako m\u00e1toha.B\u00e1li jste se p\u0159i \u010dten\u00ed? To je dob\u0159e. Tak se nyn\u00ed ji\u017e nebojte a v\u011bzte, \u017ee cel\u00e9 jm\u00e9no herce zn\u00ed B\u00e9la Ferenc Dezs\u0151 Blask\u00f3. A to je jen jedin\u00fd z m\u00e1la fakt\u016f, kter\u00e9 se daj\u00ed ov\u011b\u0159it. Ostatn\u00ed informace nebyla nikdy potvrzeny. Ani vyvr\u00e1ceny. A tak si alespo\u0148 na Pana Herce zn\u00e1m\u00e9ho jako Bela Lugosi ob\u010das vzpomeneme.\u00a0                                                                                                                                                                                                                                                                                                                                                                                        4.8\/5 - (6 votes)        "},{"@context":"https:\/\/schema.org\/","@type":"BreadcrumbList","itemListElement":[{"@type":"ListItem","position":1,"name":"Hororov\u00fd herec","item":"https:\/\/www.arbitra.cz\/hororovy-herec\/#breadcrumbitem"}]}]