{"@context":"https:\/\/schema.org\/","@type":"CollectionPage","@id":"https:\/\/www.arbitra.cz\/domov\/#CollectionPage","headline":"Domov Category","description":"","url":"https:\/\/www.arbitra.cz\/domov\/","hasPart":[{"@type":"Article","@id":"https:\/\/www.arbitra.cz\/zadny-rodinny-dum-se-bez-nich-neobejde\/","headline":"\u017d\u00e1dn\u00fd rodinn\u00fd d\u016fm se bez nich neobejde","url":"https:\/\/www.arbitra.cz\/zadny-rodinny-dum-se-bez-nich-neobejde\/","datePublished":"2023-05-15","dateModified":"2023-05-15","mainEntityOfPage":"https:\/\/www.arbitra.cz\/zadny-rodinny-dum-se-bez-nich-neobejde\/","author":{"@type":"Person","@id":"https:\/\/www.arbitra.cz\/author\/#Person","name":"","url":"https:\/\/www.arbitra.cz\/author\/","identifier":1,"image":{"@type":"ImageObject","@id":"https:\/\/secure.gravatar.com\/avatar\/8eaf08ef5a7e54fc91db02b2058b03bc913caaaa39c046819bbf43d06bd23c2b?s=96&d=mm&r=g","url":"https:\/\/secure.gravatar.com\/avatar\/8eaf08ef5a7e54fc91db02b2058b03bc913caaaa39c046819bbf43d06bd23c2b?s=96&d=mm&r=g","height":96,"width":96}},"publisher":{"@type":"Organization","name":"arbitra.cz","logo":{"@type":"ImageObject","@id":"\/logo.png","url":"\/logo.png","width":600,"height":60}},"image":null,"keywords":null},{"@type":"Article","@id":"https:\/\/www.arbitra.cz\/ochrana-pozemku\/","headline":"Ochrana pozemku","url":"https:\/\/www.arbitra.cz\/ochrana-pozemku\/","datePublished":"2023-05-15","dateModified":"2023-05-15","mainEntityOfPage":"https:\/\/www.arbitra.cz\/ochrana-pozemku\/","author":{"@type":"Person","@id":"https:\/\/www.arbitra.cz\/author\/#Person","name":"","url":"https:\/\/www.arbitra.cz\/author\/","identifier":1,"image":{"@type":"ImageObject","@id":"https:\/\/secure.gravatar.com\/avatar\/8eaf08ef5a7e54fc91db02b2058b03bc913caaaa39c046819bbf43d06bd23c2b?s=96&d=mm&r=g","url":"https:\/\/secure.gravatar.com\/avatar\/8eaf08ef5a7e54fc91db02b2058b03bc913caaaa39c046819bbf43d06bd23c2b?s=96&d=mm&r=g","height":96,"width":96}},"publisher":{"@type":"Organization","name":"arbitra.cz","logo":{"@type":"ImageObject","@id":"\/logo.png","url":"\/logo.png","width":600,"height":60}},"image":null,"keywords":null},{"@type":"Article","@id":"https:\/\/www.arbitra.cz\/chrante-se-pred-vnejsim-hlukem\/","headline":"Chra\u0148te se p\u0159ed vn\u011bj\u0161\u00edm hlukem","url":"https:\/\/www.arbitra.cz\/chrante-se-pred-vnejsim-hlukem\/","datePublished":"2023-05-15","dateModified":"2023-05-15","mainEntityOfPage":"https:\/\/www.arbitra.cz\/chrante-se-pred-vnejsim-hlukem\/","author":{"@type":"Person","@id":"https:\/\/www.arbitra.cz\/author\/#Person","name":"","url":"https:\/\/www.arbitra.cz\/author\/","identifier":1,"image":{"@type":"ImageObject","@id":"https:\/\/secure.gravatar.com\/avatar\/8eaf08ef5a7e54fc91db02b2058b03bc913caaaa39c046819bbf43d06bd23c2b?s=96&d=mm&r=g","url":"https:\/\/secure.gravatar.com\/avatar\/8eaf08ef5a7e54fc91db02b2058b03bc913caaaa39c046819bbf43d06bd23c2b?s=96&d=mm&r=g","height":96,"width":96}},"publisher":{"@type":"Organization","name":"arbitra.cz","logo":{"@type":"ImageObject","@id":"\/logo.png","url":"\/logo.png","width":600,"height":60}},"image":null,"keywords":null},{"@type":"Article","@id":"https:\/\/www.arbitra.cz\/vyberte-si-jenom-to-nejlepsi\/","headline":"Vyberte si jenom to nejlep\u0161\u00ed","url":"https:\/\/www.arbitra.cz\/vyberte-si-jenom-to-nejlepsi\/","datePublished":"2023-05-15","dateModified":"2023-05-15","mainEntityOfPage":"https:\/\/www.arbitra.cz\/vyberte-si-jenom-to-nejlepsi\/","author":{"@type":"Person","@id":"https:\/\/www.arbitra.cz\/author\/#Person","name":"","url":"https:\/\/www.arbitra.cz\/author\/","identifier":1,"image":{"@type":"ImageObject","@id":"https:\/\/secure.gravatar.com\/avatar\/8eaf08ef5a7e54fc91db02b2058b03bc913caaaa39c046819bbf43d06bd23c2b?s=96&d=mm&r=g","url":"https:\/\/secure.gravatar.com\/avatar\/8eaf08ef5a7e54fc91db02b2058b03bc913caaaa39c046819bbf43d06bd23c2b?s=96&d=mm&r=g","height":96,"width":96}},"publisher":{"@type":"Organization","name":"arbitra.cz","logo":{"@type":"ImageObject","@id":"\/logo.png","url":"\/logo.png","width":600,"height":60}},"image":null,"keywords":null},{"@type":"Article","@id":"https:\/\/www.arbitra.cz\/nakupujte-z-pohodli-sveho-domova-za-velkoobchodni-ceny\/","headline":"Nakupujte z pohodl\u00ed sv\u00e9ho domova za velkoobchodn\u00ed ceny","url":"https:\/\/www.arbitra.cz\/nakupujte-z-pohodli-sveho-domova-za-velkoobchodni-ceny\/","datePublished":"2023-05-15","dateModified":"2023-05-15","mainEntityOfPage":"https:\/\/www.arbitra.cz\/nakupujte-z-pohodli-sveho-domova-za-velkoobchodni-ceny\/","author":{"@type":"Person","@id":"https:\/\/www.arbitra.cz\/author\/#Person","name":"","url":"https:\/\/www.arbitra.cz\/author\/","identifier":1,"image":{"@type":"ImageObject","@id":"https:\/\/secure.gravatar.com\/avatar\/8eaf08ef5a7e54fc91db02b2058b03bc913caaaa39c046819bbf43d06bd23c2b?s=96&d=mm&r=g","url":"https:\/\/secure.gravatar.com\/avatar\/8eaf08ef5a7e54fc91db02b2058b03bc913caaaa39c046819bbf43d06bd23c2b?s=96&d=mm&r=g","height":96,"width":96}},"publisher":{"@type":"Organization","name":"arbitra.cz","logo":{"@type":"ImageObject","@id":"\/logo.png","url":"\/logo.png","width":600,"height":60}},"image":null,"keywords":null},{"@type":"Article","@id":"https:\/\/www.arbitra.cz\/co-vsechno-potrebujete-aby-vas-novy-byt-byl-dokonale-zarizeny-zkusite-to-sami-nebo-s-designerem\/","headline":"Co v\u0161echno pot\u0159ebujete, aby v\u00e1\u0161 nov\u00fd byt byl dokonale za\u0159\u00edzen\u00fd? Zkus\u00edte to sami nebo s design\u00e9rem?","url":"https:\/\/www.arbitra.cz\/co-vsechno-potrebujete-aby-vas-novy-byt-byl-dokonale-zarizeny-zkusite-to-sami-nebo-s-designerem\/","datePublished":"2021-10-30","dateModified":"2023-05-15","mainEntityOfPage":"https:\/\/www.arbitra.cz\/co-vsechno-potrebujete-aby-vas-novy-byt-byl-dokonale-zarizeny-zkusite-to-sami-nebo-s-designerem\/","author":{"@type":"Person","@id":"https:\/\/www.arbitra.cz\/author\/#Person","name":"","url":"https:\/\/www.arbitra.cz\/author\/","identifier":1,"image":{"@type":"ImageObject","@id":"https:\/\/secure.gravatar.com\/avatar\/8eaf08ef5a7e54fc91db02b2058b03bc913caaaa39c046819bbf43d06bd23c2b?s=96&d=mm&r=g","url":"https:\/\/secure.gravatar.com\/avatar\/8eaf08ef5a7e54fc91db02b2058b03bc913caaaa39c046819bbf43d06bd23c2b?s=96&d=mm&r=g","height":96,"width":96}},"publisher":{"@type":"Organization","name":"arbitra.cz","logo":{"@type":"ImageObject","@id":"\/logo.png","url":"\/logo.png","width":600,"height":60}},"image":{"@type":"ImageObject","@id":"https:\/\/www.arbitra.cz\/wp-content\/uploads\/pexels-photo-280232_1.jpeg","url":"https:\/\/www.arbitra.cz\/wp-content\/uploads\/pexels-photo-280232_1.jpeg","height":0,"width":0},"keywords":null},{"@type":"Article","@id":"https:\/\/www.arbitra.cz\/nebankovni-hypoteka-pomuze\/","headline":"Nebankovn\u00ed hypot\u00e9ka pom\u016f\u017ee","url":"https:\/\/www.arbitra.cz\/nebankovni-hypoteka-pomuze\/","datePublished":"2020-05-17","dateModified":"2023-05-15","mainEntityOfPage":"https:\/\/www.arbitra.cz\/nebankovni-hypoteka-pomuze\/","author":{"@type":"Person","@id":"https:\/\/www.arbitra.cz\/author\/#Person","name":"","url":"https:\/\/www.arbitra.cz\/author\/","identifier":1,"image":{"@type":"ImageObject","@id":"https:\/\/secure.gravatar.com\/avatar\/8eaf08ef5a7e54fc91db02b2058b03bc913caaaa39c046819bbf43d06bd23c2b?s=96&d=mm&r=g","url":"https:\/\/secure.gravatar.com\/avatar\/8eaf08ef5a7e54fc91db02b2058b03bc913caaaa39c046819bbf43d06bd23c2b?s=96&d=mm&r=g","height":96,"width":96}},"publisher":{"@type":"Organization","name":"arbitra.cz","logo":{"@type":"ImageObject","@id":"\/logo.png","url":"\/logo.png","width":600,"height":60}},"image":{"@type":"ImageObject","@id":"https:\/\/www.arbitra.cz\/wp-content\/uploads\/ciz%C3%AD%20mince.jpg","url":"https:\/\/www.arbitra.cz\/wp-content\/uploads\/ciz%C3%AD%20mince.jpg","height":0,"width":0},"keywords":null},{"@type":"Article","@id":"https:\/\/www.arbitra.cz\/male-investice-velke-zmeny\/","headline":"Mal\u00e9 investice, velk\u00e9 zm\u011bny","url":"https:\/\/www.arbitra.cz\/male-investice-velke-zmeny\/","datePublished":"2020-02-26","dateModified":"2023-05-15","mainEntityOfPage":"https:\/\/www.arbitra.cz\/male-investice-velke-zmeny\/","author":{"@type":"Person","@id":"https:\/\/www.arbitra.cz\/author\/#Person","name":"","url":"https:\/\/www.arbitra.cz\/author\/","identifier":1,"image":{"@type":"ImageObject","@id":"https:\/\/secure.gravatar.com\/avatar\/8eaf08ef5a7e54fc91db02b2058b03bc913caaaa39c046819bbf43d06bd23c2b?s=96&d=mm&r=g","url":"https:\/\/secure.gravatar.com\/avatar\/8eaf08ef5a7e54fc91db02b2058b03bc913caaaa39c046819bbf43d06bd23c2b?s=96&d=mm&r=g","height":96,"width":96}},"publisher":{"@type":"Organization","name":"arbitra.cz","logo":{"@type":"ImageObject","@id":"\/logo.png","url":"\/logo.png","width":600,"height":60}},"image":{"@type":"ImageObject","@id":"https:\/\/www.arbitra.cz\/wp-content\/uploads\/img_a371602_w3184_t1582952704.jpg","url":"https:\/\/www.arbitra.cz\/wp-content\/uploads\/img_a371602_w3184_t1582952704.jpg","height":0,"width":0},"keywords":null},{"@type":"Article","@id":"https:\/\/www.arbitra.cz\/cisty-a-provoneny-byt-je-ten-skutecny-domov\/","headline":"\u010cist\u00fd a provon\u011bn\u00fd byt je ten skute\u010dn\u00fd domov","url":"https:\/\/www.arbitra.cz\/cisty-a-provoneny-byt-je-ten-skutecny-domov\/","datePublished":"2019-06-27","dateModified":"2023-05-15","mainEntityOfPage":"https:\/\/www.arbitra.cz\/cisty-a-provoneny-byt-je-ten-skutecny-domov\/","author":{"@type":"Person","@id":"https:\/\/www.arbitra.cz\/author\/#Person","name":"","url":"https:\/\/www.arbitra.cz\/author\/","identifier":1,"image":{"@type":"ImageObject","@id":"https:\/\/secure.gravatar.com\/avatar\/8eaf08ef5a7e54fc91db02b2058b03bc913caaaa39c046819bbf43d06bd23c2b?s=96&d=mm&r=g","url":"https:\/\/secure.gravatar.com\/avatar\/8eaf08ef5a7e54fc91db02b2058b03bc913caaaa39c046819bbf43d06bd23c2b?s=96&d=mm&r=g","height":96,"width":96}},"publisher":{"@type":"Organization","name":"arbitra.cz","logo":{"@type":"ImageObject","@id":"\/logo.png","url":"\/logo.png","width":600,"height":60}},"image":{"@type":"ImageObject","@id":"https:\/\/www.arbitra.cz\/wp-content\/uploads\/img_a358425_w1710_t1572761578.jpg","url":"https:\/\/www.arbitra.cz\/wp-content\/uploads\/img_a358425_w1710_t1572761578.jpg","height":0,"width":0},"keywords":null},{"@type":"Article","@id":"https:\/\/www.arbitra.cz\/dlazbu-z-kamene-by-mel-pokladat-odbornik\/","headline":"Dla\u017ebu z kamene by m\u011bl pokl\u00e1dat odborn\u00edk","url":"https:\/\/www.arbitra.cz\/dlazbu-z-kamene-by-mel-pokladat-odbornik\/","datePublished":"2018-12-12","dateModified":"2023-05-15","mainEntityOfPage":"https:\/\/www.arbitra.cz\/dlazbu-z-kamene-by-mel-pokladat-odbornik\/","author":{"@type":"Person","@id":"https:\/\/www.arbitra.cz\/author\/#Person","name":"","url":"https:\/\/www.arbitra.cz\/author\/","identifier":1,"image":{"@type":"ImageObject","@id":"https:\/\/secure.gravatar.com\/avatar\/8eaf08ef5a7e54fc91db02b2058b03bc913caaaa39c046819bbf43d06bd23c2b?s=96&d=mm&r=g","url":"https:\/\/secure.gravatar.com\/avatar\/8eaf08ef5a7e54fc91db02b2058b03bc913caaaa39c046819bbf43d06bd23c2b?s=96&d=mm&r=g","height":96,"width":96}},"publisher":{"@type":"Organization","name":"arbitra.cz","logo":{"@type":"ImageObject","@id":"\/logo.png","url":"\/logo.png","width":600,"height":60}},"image":{"@type":"ImageObject","@id":"https:\/\/www.arbitra.cz\/wp-content\/uploads\/img_a333821_w1736_t1547323709.jpg","url":"https:\/\/www.arbitra.cz\/wp-content\/uploads\/img_a333821_w1736_t1547323709.jpg","height":0,"width":0},"keywords":null}]}