[{"@context":"https:\/\/schema.org\/","@type":"Article","@id":"https:\/\/www.arbitra.cz\/dnes-se-da-nejvice-usetrit-na-energiich\/#Article","mainEntityOfPage":"https:\/\/www.arbitra.cz\/dnes-se-da-nejvice-usetrit-na-energiich\/","headline":"Dnes se d\u00e1 nejv\u00edce u\u0161et\u0159it na energi\u00edch","name":"Dnes se d\u00e1 nejv\u00edce u\u0161et\u0159it na energi\u00edch","description":"V dob\u011b, kdy jdou ceny energi\u00ed st\u00e1le nahoru, nen\u00ed od v\u011bci, za\u010d\u00edt na nich \u0161et\u0159it. M\u016f\u017eete si d\u00edky tomu po\u0159\u00eddit nov\u00e9 vybaven\u00ed do domu nebo jet nap\u0159\u00edklad na dovolenou. Mnoho lid\u00ed nad t\u00edm p\u0159em\u00fd\u0161l\u00ed, ale pt\u00e1 se, jak to ud\u011blat a p\u0159itom se n\u011bjak extr\u00e9mn\u011b neomezovat. Spole\u010dnost Propuls pro v\u00e1s","datePublished":"2024-04-03","dateModified":"2024-04-03","author":{"@type":"Person","@id":"https:\/\/www.arbitra.cz\/author\/#Person","name":"","url":"https:\/\/www.arbitra.cz\/author\/","identifier":1,"image":{"@type":"ImageObject","@id":"https:\/\/secure.gravatar.com\/avatar\/8eaf08ef5a7e54fc91db02b2058b03bc913caaaa39c046819bbf43d06bd23c2b?s=96&d=mm&r=g","url":"https:\/\/secure.gravatar.com\/avatar\/8eaf08ef5a7e54fc91db02b2058b03bc913caaaa39c046819bbf43d06bd23c2b?s=96&d=mm&r=g","height":96,"width":96}},"publisher":{"@type":"Organization","name":"arbitra.cz","logo":{"@type":"ImageObject","@id":"\/logo.png","url":"\/logo.png","width":600,"height":60}},"url":"https:\/\/www.arbitra.cz\/dnes-se-da-nejvice-usetrit-na-energiich\/","wordCount":240,"articleBody":"V dob\u011b, kdy jdou ceny energi\u00ed st\u00e1le nahoru, nen\u00ed od v\u011bci, za\u010d\u00edt na nich \u0161et\u0159it. M\u016f\u017eete si d\u00edky tomu po\u0159\u00eddit nov\u00e9 vybaven\u00ed do domu nebo jet nap\u0159\u00edklad na dovolenou. Mnoho lid\u00ed nad t\u00edm p\u0159em\u00fd\u0161l\u00ed, ale pt\u00e1 se, jak to ud\u011blat a p\u0159itom se n\u011bjak extr\u00e9mn\u011b neomezovat. Spole\u010dnost Propuls pro v\u00e1s m\u00e1 \u0159e\u0161en\u00ed. Jsou j\u00edm sol\u00e1rn\u00ed panely, kter\u00e9 budou propojen\u00e9 se za\u0159\u00edzen\u00edm na oh\u0159ev vody. D\u00edky tomu u\u0161et\u0159\u00edte v\u011bt\u0161inu \u010d\u00e1stky, kterou jste za tuto nutnost d\u00e1vali, a garantujeme v\u00e1m, \u017ee to bude ve va\u0161\u00ed pen\u011b\u017eence zn\u00e1t. Obra\u0165te se na n\u00e1s a my v\u00e1m r\u00e1di vysv\u011btl\u00edme, jak v\u0161e funguje, a porad\u00edme v\u00e1m, jak\u00e9 pro v\u00e1s budou nejvhodn\u011bj\u0161\u00ed. Kvalitn\u00ed sol\u00e1rn\u00ed panely si budete chv\u00e1lit.Vysok\u00e1 kvalita a skv\u011bl\u00e1 cena, to jsme myNa\u0161e firma sv\u00fdm z\u00e1kazn\u00edk\u016fm d\u00e1v\u00e1 ty nejlep\u0161\u00ed sol\u00e1rn\u00ed panely a za\u0159\u00edzen\u00ed k nim spojen\u00e9 za velmi dobr\u00e9 ceny. D\u00edky tomu jsme si z\u00edskali mnoho spokojen\u00fdch z\u00e1kazn\u00edk\u016f, kte\u0159\u00ed jsou s na\u0161imi v\u00fdrobky spokojen\u00ed a d\u00e1vaj\u00ed n\u00e1m sv\u00e1 hodnocen\u00ed. I vy se sta\u0148te jedn\u00edm z nich a dostanete jen to nejlep\u0161\u00ed. Dozajista toho nebudete nikdy litovat.                                                                                                                                                                                                                                                                                                                                                                                        4.3\/5 - (6 votes)        "},{"@context":"https:\/\/schema.org\/","@type":"BreadcrumbList","itemListElement":[{"@type":"ListItem","position":1,"name":"Dnes se d\u00e1 nejv\u00edce u\u0161et\u0159it na energi\u00edch","item":"https:\/\/www.arbitra.cz\/dnes-se-da-nejvice-usetrit-na-energiich\/#breadcrumbitem"}]}]