{"@context":"https:\/\/schema.org\/","@type":"CollectionPage","@id":"https:\/\/www.arbitra.cz\/deti\/#CollectionPage","headline":"D\u011bti Category","description":"","url":"https:\/\/www.arbitra.cz\/deti\/","hasPart":[{"@type":"Article","@id":"https:\/\/www.arbitra.cz\/comu-sa-vyhnut-aby-sa-vam-vsetko-podarilo\/","headline":"\u010comu sa vyhn\u00fa\u0165, aby sa v\u00e1m v\u0161etko podarilo?","url":"https:\/\/www.arbitra.cz\/comu-sa-vyhnut-aby-sa-vam-vsetko-podarilo\/","datePublished":"2023-05-15","dateModified":"2023-05-15","mainEntityOfPage":"https:\/\/www.arbitra.cz\/comu-sa-vyhnut-aby-sa-vam-vsetko-podarilo\/","author":{"@type":"Person","@id":"https:\/\/www.arbitra.cz\/author\/#Person","name":"","url":"https:\/\/www.arbitra.cz\/author\/","identifier":1,"image":{"@type":"ImageObject","@id":"https:\/\/secure.gravatar.com\/avatar\/8eaf08ef5a7e54fc91db02b2058b03bc913caaaa39c046819bbf43d06bd23c2b?s=96&d=mm&r=g","url":"https:\/\/secure.gravatar.com\/avatar\/8eaf08ef5a7e54fc91db02b2058b03bc913caaaa39c046819bbf43d06bd23c2b?s=96&d=mm&r=g","height":96,"width":96}},"publisher":{"@type":"Organization","name":"arbitra.cz","logo":{"@type":"ImageObject","@id":"\/logo.png","url":"\/logo.png","width":600,"height":60}},"image":null,"keywords":null},{"@type":"Article","@id":"https:\/\/www.arbitra.cz\/vysvetlovani-detem-neni-jednoduche\/","headline":"Vysv\u011btlov\u00e1n\u00ed d\u011btem nen\u00ed jednoduch\u00e9&#8230;.","url":"https:\/\/www.arbitra.cz\/vysvetlovani-detem-neni-jednoduche\/","datePublished":"2022-08-11","dateModified":"2023-05-15","mainEntityOfPage":"https:\/\/www.arbitra.cz\/vysvetlovani-detem-neni-jednoduche\/","author":{"@type":"Person","@id":"https:\/\/www.arbitra.cz\/author\/#Person","name":"","url":"https:\/\/www.arbitra.cz\/author\/","identifier":1,"image":{"@type":"ImageObject","@id":"https:\/\/secure.gravatar.com\/avatar\/8eaf08ef5a7e54fc91db02b2058b03bc913caaaa39c046819bbf43d06bd23c2b?s=96&d=mm&r=g","url":"https:\/\/secure.gravatar.com\/avatar\/8eaf08ef5a7e54fc91db02b2058b03bc913caaaa39c046819bbf43d06bd23c2b?s=96&d=mm&r=g","height":96,"width":96}},"publisher":{"@type":"Organization","name":"arbitra.cz","logo":{"@type":"ImageObject","@id":"\/logo.png","url":"\/logo.png","width":600,"height":60}},"image":{"@type":"ImageObject","@id":"https:\/\/www.arbitra.cz\/wp-content\/uploads\/the-cry-4762423_960_720.jpg","url":"https:\/\/www.arbitra.cz\/wp-content\/uploads\/the-cry-4762423_960_720.jpg","height":0,"width":0},"keywords":null},{"@type":"Article","@id":"https:\/\/www.arbitra.cz\/jake-jsou-deti-21-stoleti\/","headline":"Jak\u00e9 jsou d\u011bti 21. stolet\u00ed?","url":"https:\/\/www.arbitra.cz\/jake-jsou-deti-21-stoleti\/","datePublished":"2019-08-08","dateModified":"2023-05-15","mainEntityOfPage":"https:\/\/www.arbitra.cz\/jake-jsou-deti-21-stoleti\/","author":{"@type":"Person","@id":"https:\/\/www.arbitra.cz\/author\/#Person","name":"","url":"https:\/\/www.arbitra.cz\/author\/","identifier":1,"image":{"@type":"ImageObject","@id":"https:\/\/secure.gravatar.com\/avatar\/8eaf08ef5a7e54fc91db02b2058b03bc913caaaa39c046819bbf43d06bd23c2b?s=96&d=mm&r=g","url":"https:\/\/secure.gravatar.com\/avatar\/8eaf08ef5a7e54fc91db02b2058b03bc913caaaa39c046819bbf43d06bd23c2b?s=96&d=mm&r=g","height":96,"width":96}},"publisher":{"@type":"Organization","name":"arbitra.cz","logo":{"@type":"ImageObject","@id":"\/logo.png","url":"\/logo.png","width":600,"height":60}},"image":{"@type":"ImageObject","@id":"https:\/\/www.arbitra.cz\/wp-content\/uploads\/img_a352365_w3362_t1566935402.png","url":"https:\/\/www.arbitra.cz\/wp-content\/uploads\/img_a352365_w3362_t1566935402.png","height":0,"width":0},"keywords":null},{"@type":"Article","@id":"https:\/\/www.arbitra.cz\/letni-dovolena-nekonci\/","headline":"Letn\u00ed dovolen\u00e1 nekon\u010d\u00ed","url":"https:\/\/www.arbitra.cz\/letni-dovolena-nekonci\/","datePublished":"2018-06-06","dateModified":"2018-06-06","mainEntityOfPage":"https:\/\/www.arbitra.cz\/letni-dovolena-nekonci\/","author":{"@type":"Person","@id":"https:\/\/www.arbitra.cz\/author\/#Person","name":"","url":"https:\/\/www.arbitra.cz\/author\/","identifier":1,"image":{"@type":"ImageObject","@id":"https:\/\/secure.gravatar.com\/avatar\/8eaf08ef5a7e54fc91db02b2058b03bc913caaaa39c046819bbf43d06bd23c2b?s=96&d=mm&r=g","url":"https:\/\/secure.gravatar.com\/avatar\/8eaf08ef5a7e54fc91db02b2058b03bc913caaaa39c046819bbf43d06bd23c2b?s=96&d=mm&r=g","height":96,"width":96}},"publisher":{"@type":"Organization","name":"arbitra.cz","logo":{"@type":"ImageObject","@id":"\/logo.png","url":"\/logo.png","width":600,"height":60}},"image":{"@type":"ImageObject","@id":"https:\/\/www.arbitra.cz\/wp-content\/uploads\/img_a322057_w1757_t1533577506.jpg","url":"https:\/\/www.arbitra.cz\/wp-content\/uploads\/img_a322057_w1757_t1533577506.jpg","height":0,"width":0},"keywords":null}]}